{"id":7012,"date":"2025-03-31T14:22:23","date_gmt":"2025-03-31T14:22:23","guid":{"rendered":"https:\/\/prahamtb.cz\/?p=7012"},"modified":"2025-06-08T18:01:53","modified_gmt":"2025-06-08T18:01:53","slug":"700-startujicich-v-uvodnim-zavode-skoda-prazskeho-mtb-poharu-v-motole","status":"publish","type":"post","link":"https:\/\/prahamtb.cz\/?p=7012","title":{"rendered":"700 startuj\u00edc\u00edch v \u00favodn\u00edm z\u00e1vod\u011b \u0160KODA Pra\u017esk\u00e9ho MTB poh\u00e1ru v Motole!\u00a0\u00a0"},"content":{"rendered":"\n<p><strong>V\u00edce ne\u017e 700 startovn\u00edch registrac\u00ed evidoval online syst\u00e9m pro \u00favodn\u00ed dva z\u00e1vody \u0160KODA Pra\u017esk\u00e9ho MTB poh\u00e1ru 2025 v&nbsp;olympijsk\u00e9m cross-country, ji\u017e 13. ro\u010dn\u00edku volno\u010dasov\u00e9ho seri\u00e1lu horsk\u00fdch kol pro v\u0161echny v\u011bkov\u00e9 a v\u00fdkonnostn\u00ed kategorie cyklist\u016f, v\u010detn\u011b cyklist\u016f s&nbsp;handicapem, kter\u00fd se uskute\u010dnil v&nbsp;motolsk\u00fdch trailech jako Memori\u00e1l Petra Marka. V&nbsp;sobotu z\u00e1vodn\u00edci bojovali v&nbsp;OPEN z\u00e1vod\u011b o tituly Mistr\u016f Prahy v&nbsp;Short Tracku, v&nbsp;ned\u011bli pak o poh\u00e1rov\u00e9 body v klasick\u00e9m XCO.&nbsp;<\/strong><\/p>\n\n\n\n<figure class=\"wp-block-image size-large\"><img decoding=\"async\" loading=\"lazy\" width=\"1024\" height=\"683\" src=\"https:\/\/prahamtb.cz\/wp-content\/uploads\/2025\/03\/image002-1-1024x683.jpg\" alt=\"\" class=\"wp-image-7013\" srcset=\"https:\/\/prahamtb.cz\/wp-content\/uploads\/2025\/03\/image002-1-1024x683.jpg 1024w, https:\/\/prahamtb.cz\/wp-content\/uploads\/2025\/03\/image002-1-600x400.jpg 600w, https:\/\/prahamtb.cz\/wp-content\/uploads\/2025\/03\/image002-1-768x512.jpg 768w, https:\/\/prahamtb.cz\/wp-content\/uploads\/2025\/03\/image002-1-1536x1024.jpg 1536w, https:\/\/prahamtb.cz\/wp-content\/uploads\/2025\/03\/image002-1-624x416.jpg 624w, https:\/\/prahamtb.cz\/wp-content\/uploads\/2025\/03\/image002-1.jpg 2048w\" sizes=\"(max-width: 1024px) 100vw, 1024px\" \/><\/figure>\n\n\n\n<p>Nev\u0161edn\u00ed pohled se nab\u00edzel \u0159idi\u010d\u016fm sj\u00ed\u017ed\u011bj\u00edc\u00edch z&nbsp;Butovic do pra\u017esk\u00e9ho Motola, kde bylo na protilehl\u00e9 str\u00e1ni vybudovan\u00e9 z\u00e1zem\u00ed a t\u00fdmov\u00e9 parkovi\u0161t\u011b \u00favodn\u00edch dvou z\u00e1vod\u016f \u0160KODA Pra\u017esk\u00e9ho MTB poh\u00e1ru. Do posledn\u00edho m\u00edsta obsazen\u00fd prostor sv\u011bd\u010dil o z\u00e1jmu bikov\u00e9 komunity o \u00favodn\u00ed tuzemsk\u00fd z\u00e1vod a mo\u017enost porovnat, po zimn\u00ed p\u0159\u00edprav\u011b, s\u00edly s&nbsp;konkurenc\u00ed z&nbsp;cel\u00e9 \u010cesk\u00e9 republiky i ze zahrani\u010d\u00ed, ve 23 vypsan\u00fdch z\u00e1vodn\u00edch kategori\u00edch.<\/p>\n\n\n\n<p>U\u017e sobotn\u00ed \u201eroz\u0159azovac\u00ed\u201c z\u00e1vod v neolympijsk\u00e9m Short Tracku p\u0159inesl dramatick\u00e9 souboje a kvalitn\u00ed sportovn\u00ed v\u00fdkony. To potvrzuje i nov\u00fd tra\u0165ov\u00fd rekord v&nbsp;\u00favodn\u00ed individu\u00e1ln\u00ed \u010dasovce na jedno XCC kolo, o kter\u00fd se postarala juniorka Am\u00e1lie Gottwaldov\u00e1, kdy\u017e \u010dasem 02:40 sekund zlep\u0161ila sv\u016fj vlastn\u00ed, rok star\u00fd rekord na motolsk\u00e9 trati o cel\u00e9 4 sekundy. &nbsp;<\/p>\n\n\n\n<p>Z\u00e1vod se uskute\u010dnil jako historicky prvn\u00ed \u201eOPEN\u201c Mistrovstv\u00ed Prahy XCC a zaj\u00edmavost\u00ed je, \u017ee t\u0159i mistrovsk\u00e9 tituly z\u016fst\u00e1vaj\u00ed v&nbsp;pra\u017esk\u00fdch klubech, zat\u00edmco ostatn\u00ed m\u00ed\u0159\u00ed do dal\u0161\u00edch region\u016f na\u0161\u00ed republiky. &nbsp;&nbsp;<\/p>\n\n\n\n<p>V\u00edt\u011bzi jednotliv\u00fdch kategori\u00ed a vlastn\u00edky unik\u00e1tn\u00edho cyklistick\u00e9ho dresu s&nbsp;duhou v&nbsp;pra\u017esk\u00fdch barv\u00e1ch se stali:<\/p>\n\n\n\n<p>\u017d\u00e1kyn\u011b I.:&nbsp;<strong>H\u00e1jkov\u00e1 Emma, CP Team<\/strong><\/p>\n\n\n\n<p>\u017d\u00e1ci I.:&nbsp;<strong>\u010cern\u00fd Miroslav, CK LOKO Rakovn\u00edk<\/strong><\/p>\n\n\n\n<p>\u017d\u00e1kyn\u011b II.:&nbsp;<strong>Slukov\u00e1 Babeta, DUKLA Praha<\/strong><\/p>\n\n\n\n<p>\u017d\u00e1ci II.:&nbsp;<strong>Janata Jakub, Rexonix Kovo Praha<\/strong><\/p>\n\n\n\n<p>Kadetky:&nbsp;<strong>Drongov\u00e1 Eli\u0161ka, Bike Pro Racing<\/strong><\/p>\n\n\n\n<p>Kadeti:&nbsp;<strong>Bukovsk\u00fd Ond\u0159ej, DK BIKESHOP Racing Team<\/strong><\/p>\n\n\n\n<p>\u017deny \u2013 juniorky:&nbsp;<strong>Bukovsk\u00e1 Barbora, DK BIKESHOP Racing Team<\/strong><\/p>\n\n\n\n<p>Mu\u017ei Elite\/Open:&nbsp;<strong>Holub Filip, ASPIRE OPPORTUNITY BRNO<\/strong><\/p>\n\n\n\n<p>Junio\u0159i:&nbsp;<strong>Severyn Richard, Expres CZ BMD Team Kol\u00edn<\/strong><\/p>\n\n\n\n<p>Masters I.:&nbsp;<strong>Kar\u00e1sek Vladislav, Czech MultiSport Coaching<\/strong><\/p>\n\n\n\n<p>Masters II.:&nbsp;<strong>Bukovsk\u00fd Luk\u00e1\u0161, DK BIKESHOP Racing Team<\/strong><\/p>\n\n\n\n<p>Masters III.:&nbsp;<strong>\u0160\u00edpak Ivan, AUTHOR MASTERS TEAM<\/strong><\/p>\n\n\n\n<p>SUPERMASTERS:&nbsp;<strong>Van\u011bk Milo\u0161, MKV Sport<\/strong><\/p>\n\n\n\n<figure class=\"wp-block-image size-large\"><img decoding=\"async\" loading=\"lazy\" width=\"1024\" height=\"683\" src=\"https:\/\/prahamtb.cz\/wp-content\/uploads\/2025\/03\/image004-1-1024x683.jpg\" alt=\"\" class=\"wp-image-7014\" srcset=\"https:\/\/prahamtb.cz\/wp-content\/uploads\/2025\/03\/image004-1-1024x683.jpg 1024w, https:\/\/prahamtb.cz\/wp-content\/uploads\/2025\/03\/image004-1-600x400.jpg 600w, https:\/\/prahamtb.cz\/wp-content\/uploads\/2025\/03\/image004-1-768x512.jpg 768w, https:\/\/prahamtb.cz\/wp-content\/uploads\/2025\/03\/image004-1-1536x1024.jpg 1536w, https:\/\/prahamtb.cz\/wp-content\/uploads\/2025\/03\/image004-1-624x416.jpg 624w, https:\/\/prahamtb.cz\/wp-content\/uploads\/2025\/03\/image004-1.jpg 2048w\" sizes=\"(max-width: 1024px) 100vw, 1024px\" \/><\/figure>\n\n\n\n<p>Ned\u011bln\u00ed program v&nbsp;olympijsk\u00e9m cross country podtrhoval vysok\u00e9 sobotn\u00ed nasazen\u00ed v\u0161ech z\u00fa\u010dastn\u011bn\u00fdch. Na fyzicky i technicky n\u00e1ro\u010dn\u00e9 motolsk\u00e9 trati, kter\u00e1 se svou obt\u00ed\u017enost\u00ed \u0159ad\u00ed mezi n\u00e1ro\u010dn\u011bj\u0161\u00ed \u010desk\u00e9 z\u00e1vodn\u00ed okruhy, zaujal zejm\u00e9na souboj ve spojen\u00e9 kategorii \u017een a juniorek. Barbora Bukovsk\u00e1 (DK BIKESHOP Racing Team), Lucie Grohov\u00e1 (DUKLA Praha) a Am\u00e1lie Gottwaldov\u00e1 (CP Team) p\u0159edstavuj\u00ed juniorskou \u0161pi\u010dku nejenom v&nbsp;rozm\u011bru na\u0161\u00ed republiky. V\u00edt\u011bzstv\u00ed si z&nbsp;Prahy do Ostravy odv\u00e1\u017e\u00ed prvoro\u010da\u010dka Barbora Bukovsk\u00e1. Ta si ve druh\u00e9m kole&nbsp;vybudovala n\u00e1skok, kter\u00fd nakonec uh\u00e1jila p\u0159ed stejn\u011b starou a v&nbsp;pr\u016fb\u011bhu z\u00e1vodu zrychluj\u00edc\u00ed reprezenta\u010dn\u00ed kolegyn\u00ed Luci\u00ed Grohovou a Am\u00e1li\u00ed Gottwaldovou.<\/p>\n\n\n\n<p>Z\u00e1vodu mu\u017e\u016f dominoval, stejn\u011b jako v&nbsp;p\u0159\u00edpad\u011b z\u00e1vodu \u017een, jedin\u00fd jezdec \u2013 v\u011bkem je\u0161t\u011b t\u0159iadvac\u00edtk\u00e1\u0159, Filip Holub (ASPIRE OPPORTUNITY BRNO). \u010clen tradi\u010dn\u00ed a \u00fasp\u011b\u0161n\u00e9 brn\u011bnsk\u00e9 st\u00e1je Du\u0161ana Olejn\u00ed\u010dka, kter\u00fd po \u00favodn\u00ed \u010dasovce a z\u00e1vodu XCC zv\u00edt\u011bzil stylem start \u2013 c\u00edl i v&nbsp;ned\u011bln\u00edm z\u00e1vod\u011b XCO p\u0159ed Petrem \u0160ichem (SUPERIOR RIDERS) a Michalem Bub\u00edlkem (North Bike Club).<\/p>\n\n\n\n<p>Zaj\u00edmavost\u00ed motolsk\u00e9ho z\u00e1vodu je rodinn\u00fd \u201ezlat\u00fd hattrick\u201c rodiny Bukovsk\u00fdch, kde v\u00edt\u011bzstv\u00ed v z\u00e1vodech XCC i XCO p\u0159idali k&nbsp;Barbo\u0159e Bukovsk\u00e9 i bratr Ond\u0159ej, kter\u00fd ovl\u00e1dl kategorii kadet\u016f a tat\u00ednek Luk\u00e1\u0161 (v\u0161ichni DK BIKESHOP Racing Team), kter\u00fd v&nbsp;kategorii Masters II., po dlouh\u00e9 dob\u011b, dok\u00e1zal \u201esesadit\u201c z&nbsp;pomysln\u00e9ho pra\u017esk\u00e9ho tr\u016fnu Ji\u0159\u00edho Chybu z&nbsp;po\u0159\u00e1daj\u00edc\u00edho klubu Nutrend Specialized SKR Racing. &nbsp;&nbsp;<\/p>\n\n\n\n<p>T\u0159et\u00ed z\u00e1vod \u0160KODA Pra\u017esk\u00e9ho MTB poh\u00e1ru se uskute\u010dn\u00ed, ji\u017e tradi\u010dn\u011b 1. kv\u011btna v&nbsp;Lesoparku Let\u0148any \u2013 Kbely.&nbsp;<\/p>\n\n\n\n<p>V\u00fdsledky&nbsp;1. kolo:&nbsp;<a href=\"https:\/\/www.sportt.cz\/racesResults\/resultlist\/1413\">https:\/\/www.sportt.cz\/racesResults\/resultlist\/1413<\/a><\/p>\n\n\n\n<p>V\u00fdsledky 2. kolo:&nbsp;<a href=\"https:\/\/www.sportt.cz\/racesResults\/resultlist\/1414\">https:\/\/www.sportt.cz\/racesResults\/resultlist\/1414<\/a><\/p>\n\n\n\n<p><strong>TERM\u00cdNY Z\u00c1VOD\u016e \u0160KODA Pra\u017esk\u00e9ho MTB poh\u00e1ru 2025&nbsp;<\/strong><\/p>\n\n\n\n<p>sobota &nbsp;&nbsp;29. b\u0159ezna &nbsp;XCC&nbsp;&nbsp;&nbsp; &nbsp;&nbsp;Traily Motol&nbsp; &nbsp;&nbsp;&nbsp;&nbsp;&nbsp;&nbsp;&nbsp;&nbsp;&nbsp;&nbsp;&nbsp;&nbsp;&nbsp;&nbsp;&nbsp;&nbsp;&nbsp;&nbsp;&nbsp;&nbsp;&nbsp;&nbsp; &nbsp;&nbsp;&nbsp;&nbsp; &nbsp; Mistrovstv\u00ed Prahy XCC &nbsp;&nbsp;&nbsp;&nbsp;&nbsp;&nbsp;&nbsp;&nbsp;&nbsp;&nbsp;&nbsp;&nbsp;&nbsp;&nbsp;&nbsp;&nbsp;&nbsp;&nbsp;&nbsp;&nbsp; &nbsp;&nbsp;&nbsp;&nbsp;&nbsp;<\/p>\n\n\n\n<p>ned\u011ble &nbsp;&nbsp;30. b\u0159ezna &nbsp;XCO &nbsp; &nbsp;&nbsp;Traily Motol&nbsp;&nbsp;&nbsp;&nbsp;&nbsp;&nbsp;&nbsp;&nbsp;&nbsp; &nbsp;&nbsp;&nbsp;&nbsp;&nbsp;&nbsp;&nbsp;&nbsp;&nbsp;&nbsp;&nbsp;&nbsp;&nbsp;&nbsp;&nbsp;&nbsp;&nbsp;&nbsp;&nbsp;&nbsp; &nbsp;Memori\u00e1l Petra Marka<\/p>\n\n\n\n<p>\u010dtvrtek &nbsp;&nbsp;&nbsp;&nbsp;1. kv\u011btna &nbsp;&nbsp;XCO&nbsp;&nbsp;&nbsp; Lesopark Let\u0148any &#8211; Kbely&nbsp;&nbsp;&nbsp;&nbsp;&nbsp; &nbsp;&nbsp; KNAUF Velk\u00e1 cena M\u010c Praha Kbely&nbsp;<\/p>\n\n\n\n<p>sobota \u00a0\u00a028. \u010dervna XCO\u00a0\u00a0\u00a0 \u00a0Zli\u010d\u00edn \u00a0\u00a0\u00a0\u00a0\u00a0 \u00a0\u00a0\u00a0\u00a0\u00a0\u00a0\u00a0\u00a0\u00a0\u00a0\u00a0\u00a0 \u00a0\u00a0\u00a0\u00a0Velk\u00e1 cena Caf\u00e9 Calabrone \u00a0<\/p>\n\n\n\n<p>ned\u011ble \u00a0\u00a029. \u010dervna XCO\u00a0\u00a0\u00a0  Zli\u010d\u00edn \u00a0\u00a0\u00a0\u00a0 \u00a0\u00a0\u00a0\u00a0\u00a0\u00a0\u00a0\u00a0\u00a0\u00a0\u00a0\u00a0 \u00a0\u00a0\u00a0\u00a0\u00a0Mistrovstv\u00ed Prahy XCO \u00a0\u00a0<\/p>\n\n\n\n<p>FOTO:&nbsp;Pavel K\u0159ikava<\/p>\n\n\n\n<figure class=\"wp-block-image size-large\"><img decoding=\"async\" loading=\"lazy\" width=\"1024\" height=\"683\" src=\"https:\/\/prahamtb.cz\/wp-content\/uploads\/2025\/03\/image003-1-1024x683.jpg\" alt=\"\" class=\"wp-image-7015\" srcset=\"https:\/\/prahamtb.cz\/wp-content\/uploads\/2025\/03\/image003-1-1024x683.jpg 1024w, https:\/\/prahamtb.cz\/wp-content\/uploads\/2025\/03\/image003-1-600x400.jpg 600w, https:\/\/prahamtb.cz\/wp-content\/uploads\/2025\/03\/image003-1-768x512.jpg 768w, https:\/\/prahamtb.cz\/wp-content\/uploads\/2025\/03\/image003-1-1536x1024.jpg 1536w, https:\/\/prahamtb.cz\/wp-content\/uploads\/2025\/03\/image003-1-624x416.jpg 624w, https:\/\/prahamtb.cz\/wp-content\/uploads\/2025\/03\/image003-1.jpg 2048w\" sizes=\"(max-width: 1024px) 100vw, 1024px\" \/><\/figure>\n","protected":false},"excerpt":{"rendered":"<a href=\"https:\/\/prahamtb.cz\/?p=7012\"><img width=\"150\" src=\"\" class=\"alignleft wp-post-image tfe\" alt=\"\" title=\"\" \/><\/a><p>V\u00edce ne\u017e 700 startovn\u00edch registrac\u00ed evidoval online syst\u00e9m pro \u00favodn\u00ed dva z\u00e1vody \u0160KODA Pra\u017esk\u00e9ho MTB poh\u00e1ru 2025 v&nbsp;olympijsk\u00e9m cross-country, ji\u017e 13. ro\u010dn\u00edku volno\u010dasov\u00e9ho seri\u00e1lu horsk\u00fdch kol pro v\u0161echny v\u011bkov\u00e9 a v\u00fdkonnostn\u00ed kategorie cyklist\u016f, v\u010detn\u011b cyklist\u016f s&nbsp;handicapem, kter\u00fd se uskute\u010dnil v&nbsp;motolsk\u00fdch trailech jako Memori\u00e1l Petra Marka. V&nbsp;sobotu z\u00e1vodn\u00edci bojovali v&nbsp;OPEN z\u00e1vod\u011b o tituly Mistr\u016f Prahy v&nbsp;Short [&hellip;]<\/p>\n","protected":false},"author":1,"featured_media":0,"comment_status":"closed","ping_status":"open","sticky":false,"template":"","format":"standard","meta":[],"categories":[1],"tags":[],"_links":{"self":[{"href":"https:\/\/prahamtb.cz\/index.php?rest_route=\/wp\/v2\/posts\/7012"}],"collection":[{"href":"https:\/\/prahamtb.cz\/index.php?rest_route=\/wp\/v2\/posts"}],"about":[{"href":"https:\/\/prahamtb.cz\/index.php?rest_route=\/wp\/v2\/types\/post"}],"author":[{"embeddable":true,"href":"https:\/\/prahamtb.cz\/index.php?rest_route=\/wp\/v2\/users\/1"}],"replies":[{"embeddable":true,"href":"https:\/\/prahamtb.cz\/index.php?rest_route=%2Fwp%2Fv2%2Fcomments&post=7012"}],"version-history":[{"count":3,"href":"https:\/\/prahamtb.cz\/index.php?rest_route=\/wp\/v2\/posts\/7012\/revisions"}],"predecessor-version":[{"id":7052,"href":"https:\/\/prahamtb.cz\/index.php?rest_route=\/wp\/v2\/posts\/7012\/revisions\/7052"}],"wp:attachment":[{"href":"https:\/\/prahamtb.cz\/index.php?rest_route=%2Fwp%2Fv2%2Fmedia&parent=7012"}],"wp:term":[{"taxonomy":"category","embeddable":true,"href":"https:\/\/prahamtb.cz\/index.php?rest_route=%2Fwp%2Fv2%2Fcategories&post=7012"},{"taxonomy":"post_tag","embeddable":true,"href":"https:\/\/prahamtb.cz\/index.php?rest_route=%2Fwp%2Fv2%2Ftags&post=7012"}],"curies":[{"name":"wp","href":"https:\/\/api.w.org\/{rel}","templated":true}]}}