{"id":6998,"date":"2025-03-28T14:34:08","date_gmt":"2025-03-28T14:34:08","guid":{"rendered":"https:\/\/prahamtb.cz\/?p=6998"},"modified":"2025-03-28T14:34:08","modified_gmt":"2025-03-28T14:34:08","slug":"startovni-listina-pro-kvalifikaci-na-short-track-xcc","status":"publish","type":"post","link":"https:\/\/prahamtb.cz\/?p=6998","title":{"rendered":"Startovn\u00ed listina pro kvalifikaci na short track XCC"},"content":{"rendered":"\n<p>Po\u0159adatel\u00e9 p\u0159ipravili startovn\u00ed listinu kvalifikace short tracku, kter\u00e1 se pojede po sobotn\u00edm bloku z\u00e1vod\u016f d\u011btsk\u00fdch kategori\u00ed.<\/p>\n\n\n\n<p>Startovn\u00ed listinu kvalifikace naleznete <a href=\"https:\/\/www.sportovniservis.cz\/wordpress\/wp-content\/uploads\/2025\/03\/Casovka-29.3.2025-Praha-Motol.pdf\" data-type=\"URL\" data-id=\"https:\/\/www.sportovniservis.cz\/wordpress\/wp-content\/uploads\/2025\/03\/Casovka-29.3.2025-Praha-Motol.pdf\" target=\"_blank\" rel=\"noreferrer noopener\">ZDE<\/a><\/p>\n\n\n\n<p>V\u00edce informac\u00ed k prvn\u00edm dv\u011bma kol\u016fm \u0160KODA Pra\u017esk\u00fd MTB poh\u00e1r 2025 naleznete <a href=\"https:\/\/prahamtb.cz\/?page_id=12\" data-type=\"URL\" data-id=\"https:\/\/prahamtb.cz\/?page_id=12\" target=\"_blank\" rel=\"noreferrer noopener\">ZDE<\/a><\/p>\n\n\n\n<figure class=\"wp-block-image size-full\"><img decoding=\"async\" loading=\"lazy\" width=\"720\" height=\"405\" src=\"https:\/\/prahamtb.cz\/wp-content\/uploads\/2023\/02\/Sni\u0301mek1.jpeg\" alt=\"\" class=\"wp-image-6501\" srcset=\"https:\/\/prahamtb.cz\/wp-content\/uploads\/2023\/02\/Sni\u0301mek1.jpeg 720w, https:\/\/prahamtb.cz\/wp-content\/uploads\/2023\/02\/Sni\u0301mek1-600x338.jpeg 600w, https:\/\/prahamtb.cz\/wp-content\/uploads\/2023\/02\/Sni\u0301mek1-624x351.jpeg 624w\" sizes=\"(max-width: 720px) 100vw, 720px\" \/><\/figure>\n","protected":false},"excerpt":{"rendered":"<a href=\"https:\/\/prahamtb.cz\/?p=6998\"><img width=\"150\" src=\"\" class=\"alignleft wp-post-image tfe\" alt=\"\" title=\"\" \/><\/a><p>Po\u0159adatel\u00e9 p\u0159ipravili startovn\u00ed listinu kvalifikace short tracku, kter\u00e1 se pojede po sobotn\u00edm bloku z\u00e1vod\u016f d\u011btsk\u00fdch kategori\u00ed. Startovn\u00ed listinu kvalifikace naleznete ZDE V\u00edce informac\u00ed k prvn\u00edm dv\u011bma kol\u016fm \u0160KODA Pra\u017esk\u00fd MTB poh\u00e1r 2025 naleznete ZDE<\/p>\n","protected":false},"author":1,"featured_media":0,"comment_status":"closed","ping_status":"open","sticky":false,"template":"","format":"standard","meta":[],"categories":[1],"tags":[],"_links":{"self":[{"href":"https:\/\/prahamtb.cz\/index.php?rest_route=\/wp\/v2\/posts\/6998"}],"collection":[{"href":"https:\/\/prahamtb.cz\/index.php?rest_route=\/wp\/v2\/posts"}],"about":[{"href":"https:\/\/prahamtb.cz\/index.php?rest_route=\/wp\/v2\/types\/post"}],"author":[{"embeddable":true,"href":"https:\/\/prahamtb.cz\/index.php?rest_route=\/wp\/v2\/users\/1"}],"replies":[{"embeddable":true,"href":"https:\/\/prahamtb.cz\/index.php?rest_route=%2Fwp%2Fv2%2Fcomments&post=6998"}],"version-history":[{"count":1,"href":"https:\/\/prahamtb.cz\/index.php?rest_route=\/wp\/v2\/posts\/6998\/revisions"}],"predecessor-version":[{"id":6999,"href":"https:\/\/prahamtb.cz\/index.php?rest_route=\/wp\/v2\/posts\/6998\/revisions\/6999"}],"wp:attachment":[{"href":"https:\/\/prahamtb.cz\/index.php?rest_route=%2Fwp%2Fv2%2Fmedia&parent=6998"}],"wp:term":[{"taxonomy":"category","embeddable":true,"href":"https:\/\/prahamtb.cz\/index.php?rest_route=%2Fwp%2Fv2%2Fcategories&post=6998"},{"taxonomy":"post_tag","embeddable":true,"href":"https:\/\/prahamtb.cz\/index.php?rest_route=%2Fwp%2Fv2%2Ftags&post=6998"}],"curies":[{"name":"wp","href":"https:\/\/api.w.org\/{rel}","templated":true}]}}