{"id":6911,"date":"2024-10-17T17:04:51","date_gmt":"2024-10-17T17:04:51","guid":{"rendered":"http:\/\/prahamtb.cz\/?p=6911"},"modified":"2025-06-08T17:59:43","modified_gmt":"2025-06-08T17:59:43","slug":"terminy-zavodu-skoda-prazskeho-mtb-poharu-2025","status":"publish","type":"post","link":"https:\/\/prahamtb.cz\/?p=6911","title":{"rendered":"Term\u00edny z\u00e1vod\u016f \u0160KODA Pra\u017esk\u00e9ho MTB poh\u00e1ru 2025!"},"content":{"rendered":"\n<p><strong>Po\u0159adatelsk\u00fd t\u00fdm volno\u010dasov\u00e9ho seri\u00e1lu horsk\u00fdch kol v&nbsp;olympijsk\u00e9m cross country, \u0160KODA Pra\u017esk\u00fd MTB poh\u00e1r pro v\u0161echny v\u011bkov\u00e9 a v\u00fdkonnostn\u00ed kategorie cyklist\u016f, v\u010detn\u011b cyklist\u016f s&nbsp;handicapem, zve\u0159ejnil program z\u00e1vod\u016f pro sez\u00f3nu 2025. &nbsp;<\/strong><\/p>\n\n\n\n<p>T\u0159in\u00e1ct\u00fd ro\u010dn\u00edk seri\u00e1lu horsk\u00fdch kol \u0160KODA Pra\u017esk\u00fd MTB poh\u00e1r bude zahrnovat celkem p\u011bt z\u00e1vodn\u00edch dn\u016f. \u00davodn\u00ed podnik v&nbsp;pra\u017esk\u00e9m Motole a z\u00e1v\u011bre\u010dn\u00fd na Zli\u010d\u00edn\u011b budou po\u0159\u00e1dan\u00e9 formou dvojz\u00e1vodu b\u011bhem cel\u00e9ho v\u00edkendu, z\u00e1vod v&nbsp;let\u0148ansk\u00e9m lesoparku se uskute\u010dn\u00ed ve \u010dtvrtek, b\u011bhem st\u00e1tn\u00edho sv\u00e1tku.<\/p>\n\n\n\n<p>Prvn\u00ed poh\u00e1rov\u00e9 kolo v&nbsp;sobotu 29.3. bude stejn\u011b jako v&nbsp;roce 2024 v\u011bnov\u00e1no discipl\u00edn\u011b Short track, kter\u00e1 d\u00edky \u010dasovce na jeden XCC okruh a n\u00e1sledn\u00e9mu hromadn\u00e9mu z\u00e1vodu spolehliv\u011b ur\u010d\u00ed startovn\u00ed po\u0159ad\u00ed pro ned\u011bln\u00ed z\u00e1vody v&nbsp;olympijsk\u00e9m XCO. D\u011bji\u0161t\u011bm bude okruh motolsk\u00fdch trail\u016f, kter\u00fd se u\u017e nyn\u00ed na tuto akci pe\u010dliv\u011b p\u0159ipravuje v&nbsp;podob\u011b mnoha brig\u00e1dnick\u00fdch hodin \u010dlen\u016f po\u0159\u00e1daj\u00edc\u00edho t\u00fdmu Nutrend Specialized SKR Racing.&nbsp;<\/p>\n\n\n\n<p>Z\u00e1vod XCC bude z\u00e1rove\u0148 hodnocen i jako otev\u0159en\u00e9 Mistrovstv\u00ed Prahy a Pra\u017esk\u00fd cyklistick\u00fd svaz tak bude poprv\u00e9 historii dekorovat i v\u00edt\u011bze a medailisty discipl\u00edny XCC.<\/p>\n\n\n\n<p><em>\u201eMotolsk\u00fd okruh z\u00e1vodu XCC disponuje t\u00e9m\u011b\u0159 ide\u00e1ln\u00edmi parametry pro tuto discipl\u00ednu, o kter\u00e9 se v\u00e1\u017en\u011b uva\u017euje jako o dal\u0161\u00ed olympijsk\u00e9 pro Los Angeles 2028. Je \u0161irok\u00fd, zahrnuje stoup\u00e1n\u00ed, sjezd, rovinat\u00e9 pas\u00e1\u017ee i techniku. M\u00e1me vyzkou\u0161en\u00e9, \u017ee d\u00edky sv\u00e9mu profilu nenad\u011bl\u00ed startovn\u00ed pole a v&nbsp;podstat\u011b cel\u00fd peloton z\u00e1vodn\u00edk\u016f tak p\u0159ij\u00ed\u017ed\u00ed do c\u00edle pohromad\u011b, co\u017e je div\u00e1cky velmi atraktivn\u00ed a v&nbsp;Motole lze nav\u00edc sledovat cel\u00fd z\u00e1vod z&nbsp;jedin\u00e9ho m\u00edsta. V&nbsp;roce 2024 u n\u00e1s startovalo v&nbsp;Short tracku t\u00e9m\u011b\u0159 600 z\u00e1vodn\u00edk\u016f a j\u00e1 v\u011b\u0159\u00edm, \u017ee v&nbsp;roce 2025 tento \u00fa\u010dastnick\u00fd rekord, u n\u00e1s zat\u00edm jedin\u00e9ho z\u00e1vodu XCC pro \u0161irokou ve\u0159ejnost, je\u0161t\u011b p\u0159ekon\u00e1me\u201c<\/em>&nbsp;p\u0159ibli\u017euje zakladatel \u0160KODA Pra\u017esk\u00e9ho MTB poh\u00e1ru a \u0159editel motolsk\u00e9ho z\u00e1vodu, Viktor Zapletal. &nbsp;&nbsp;&nbsp;&nbsp;<\/p>\n\n\n\n<p>Sv\u00e1tek pr\u00e1ce mohou bike\u0159i oslavit ve \u010dtvrtek 1.5. v&nbsp;r\u00e1mci t\u0159et\u00edho kola \u0160KODA Pra\u017esk\u00e9ho MTB poh\u00e1ru na popul\u00e1rn\u00edm \u201ePahorku\u201c v Lesoparku Let\u0148any. Tra\u0165 p\u0159ipravuj\u00ed ji\u017e tradi\u010dn\u011b \u010dlenov\u00e9 t\u00fdmu Kbely Cycling Team v&nbsp;\u010dele Miroslavem Svobodou, kter\u00fd s\u00e1m z\u00e1vod\u00ed v&nbsp;respekt zasluhuj\u00edc\u00ed kategorii \u201eSuperMasters\u201c.<\/p>\n\n\n\n<p>Fin\u00e1lov\u00fd podnik cel\u00e9ho poh\u00e1ru obstar\u00e1 v\u00edkendov\u00fd dvojz\u00e1vod po\u0159\u00e1dan\u00fd jako Bike Festival&nbsp;Zli\u010d\u00edn ve dnech 28. a 29. \u010dervna. Po\u0159adatel\u00e9 z&nbsp;t\u00fdmu Caf\u00e9 Calabrone pod veden\u00edm reprezenta\u010dn\u00edho kucha\u0159e a majitele vyhled\u00e1van\u00e9ho obchodu Caf\u00e9 Calabrone Martina Jarou\u0161e p\u0159ipravuj\u00ed v\u00edkend pln\u00fd cyklistiky pro celou rodinu s&nbsp;neodmysliteln\u00fdmi kulin\u00e1\u0159sk\u00fdmi delikatesami, v\u00fdbornou, cyklistickou k\u00e1vou, ale i mo\u017enost\u00ed koup\u00e1n\u00ed v rybn\u00edku \u201eDolej\u0161\u00e1k\u201c. V&nbsp;pl\u00e1nu je sobotn\u00ed ve\u010dern\u00ed koncert hudebn\u00edho t\u011blesa s v\u0159ele&nbsp;kladn\u00fdm vztahem k&nbsp;cyklistice a pozor, v&nbsp;ned\u011bli 29.6. vyvrchol\u00ed nejenom \u0160KODA Pra\u017esk\u00fd MTB poh\u00e1r 2025, ale bike\u0159i budou z\u00e1rove\u0148 tak\u00e9 bojovat o presti\u017en\u00ed tituly Mistr\u016f Prahy v&nbsp;olympijsk\u00e9m XCO! A jak u\u017e je na Zli\u010d\u00edn\u011b zvykem, v&nbsp;sobotu se pojede doleva a v&nbsp;ned\u011bli v&nbsp;opa\u010dn\u00e9m sm\u011bru.&nbsp;&nbsp;<\/p>\n\n\n\n<p><strong>TERM\u00cdNY Z\u00c1VOD\u016e \u0160KODA Pra\u017esk\u00e9ho MTB poh\u00e1ru 2025&nbsp;<\/strong><\/p>\n\n\n\n<p>sobota &nbsp;&nbsp;29. b\u0159ezna &nbsp;XCC&nbsp;&nbsp;&nbsp; Traily Motol&nbsp; &nbsp;&nbsp;&nbsp;&nbsp;&nbsp;&nbsp;&nbsp;&nbsp;&nbsp;&nbsp;&nbsp;&nbsp;&nbsp;&nbsp;&nbsp;&nbsp;&nbsp;&nbsp;&nbsp;&nbsp;&nbsp;&nbsp;&nbsp;&nbsp;&nbsp;&nbsp;&nbsp;&nbsp; &nbsp; Mistrovstv\u00ed Prahy XCC &nbsp;&nbsp;&nbsp;&nbsp;&nbsp;&nbsp;&nbsp;&nbsp;&nbsp;&nbsp;&nbsp;&nbsp;&nbsp;&nbsp;&nbsp;&nbsp;&nbsp;&nbsp;&nbsp;&nbsp; &nbsp;&nbsp;&nbsp;&nbsp;&nbsp;<\/p>\n\n\n\n<p>ned\u011ble &nbsp;&nbsp;30. b\u0159ezna &nbsp;XCO &nbsp; &nbsp;Traily Motol&nbsp;&nbsp;&nbsp;&nbsp;&nbsp;&nbsp;&nbsp;&nbsp;&nbsp; &nbsp;&nbsp;&nbsp;&nbsp;&nbsp;&nbsp;&nbsp;&nbsp;&nbsp;&nbsp;&nbsp;&nbsp;&nbsp;&nbsp;&nbsp;&nbsp;&nbsp;&nbsp;&nbsp;&nbsp;&nbsp; &nbsp;Velk\u00e1 cena \u0160KODA AUTO &nbsp;<\/p>\n\n\n\n<p>\u010dtvrtek 1. kv\u011btna &nbsp;&nbsp;XCO&nbsp;&nbsp;&nbsp;&nbsp; &nbsp; Lesopark Let\u0148any &#8211; Kbely &nbsp;&nbsp;&nbsp;&nbsp;&nbsp;&nbsp;&nbsp;&nbsp; KNAUF Velk\u00e1 cena M\u010c Praha Kbely&nbsp;<\/p>\n\n\n\n<p>sobota 28. \u010dervna XCO\u00a0\u00a0\u00a0 \u00a0\u00a0Zli\u010d\u00edn \u00a0\u00a0\u00a0\u00a0\u00a0 \u00a0\u00a0\u00a0\u00a0\u00a0\u00a0\u00a0\u00a0\u00a0\u00a0\u00a0\u00a0\u00a0\u00a0\u00a0\u00a0\u00a0\u00a0\u00a0                   Velk\u00e1 cena Caf\u00e9 Calabrone \u00a0<\/p>\n\n\n\n<p>ned\u011ble 29. \u010dervna XCO\u00a0\u00a0\u00a0 \u00a0\u00a0Zli\u010d\u00edn \u00a0\u00a0\u00a0\u00a0 \u00a0\u00a0\u00a0\u00a0\u00a0\u00a0\u00a0\u00a0\u00a0\u00a0\u00a0\u00a0\u00a0\u00a0\u00a0\u00a0\u00a0\u00a0\u00a0                   \u00a0Mistrovstv\u00ed Prahy XCO<\/p>\n\n\n\n<p><\/p>\n\n\n\n<figure class=\"wp-block-image size-large\"><img decoding=\"async\" loading=\"lazy\" width=\"1024\" height=\"682\" src=\"https:\/\/prahamtb.cz\/wp-content\/uploads\/2024\/10\/Motol-1024x682.jpg\" alt=\"\" class=\"wp-image-6912\" srcset=\"https:\/\/prahamtb.cz\/wp-content\/uploads\/2024\/10\/Motol-1024x682.jpg 1024w, https:\/\/prahamtb.cz\/wp-content\/uploads\/2024\/10\/Motol-600x400.jpg 600w, https:\/\/prahamtb.cz\/wp-content\/uploads\/2024\/10\/Motol-768x512.jpg 768w, https:\/\/prahamtb.cz\/wp-content\/uploads\/2024\/10\/Motol-1536x1024.jpg 1536w, https:\/\/prahamtb.cz\/wp-content\/uploads\/2024\/10\/Motol-624x416.jpg 624w, https:\/\/prahamtb.cz\/wp-content\/uploads\/2024\/10\/Motol.jpg 2000w\" sizes=\"(max-width: 1024px) 100vw, 1024px\" \/><\/figure>\n","protected":false},"excerpt":{"rendered":"<a href=\"https:\/\/prahamtb.cz\/?p=6911\"><img width=\"150\" src=\"\" class=\"alignleft wp-post-image tfe\" alt=\"\" title=\"\" \/><\/a><p>Po\u0159adatelsk\u00fd t\u00fdm volno\u010dasov\u00e9ho seri\u00e1lu horsk\u00fdch kol v&nbsp;olympijsk\u00e9m cross country, \u0160KODA Pra\u017esk\u00fd MTB poh\u00e1r pro v\u0161echny v\u011bkov\u00e9 a v\u00fdkonnostn\u00ed kategorie cyklist\u016f, v\u010detn\u011b cyklist\u016f s&nbsp;handicapem, zve\u0159ejnil program z\u00e1vod\u016f pro sez\u00f3nu 2025. &nbsp; T\u0159in\u00e1ct\u00fd ro\u010dn\u00edk seri\u00e1lu horsk\u00fdch kol \u0160KODA Pra\u017esk\u00fd MTB poh\u00e1r bude zahrnovat celkem p\u011bt z\u00e1vodn\u00edch dn\u016f. \u00davodn\u00ed podnik v&nbsp;pra\u017esk\u00e9m Motole a z\u00e1v\u011bre\u010dn\u00fd na Zli\u010d\u00edn\u011b budou po\u0159\u00e1dan\u00e9 [&hellip;]<\/p>\n","protected":false},"author":1,"featured_media":0,"comment_status":"closed","ping_status":"open","sticky":false,"template":"","format":"standard","meta":[],"categories":[1],"tags":[],"_links":{"self":[{"href":"https:\/\/prahamtb.cz\/index.php?rest_route=\/wp\/v2\/posts\/6911"}],"collection":[{"href":"https:\/\/prahamtb.cz\/index.php?rest_route=\/wp\/v2\/posts"}],"about":[{"href":"https:\/\/prahamtb.cz\/index.php?rest_route=\/wp\/v2\/types\/post"}],"author":[{"embeddable":true,"href":"https:\/\/prahamtb.cz\/index.php?rest_route=\/wp\/v2\/users\/1"}],"replies":[{"embeddable":true,"href":"https:\/\/prahamtb.cz\/index.php?rest_route=%2Fwp%2Fv2%2Fcomments&post=6911"}],"version-history":[{"count":2,"href":"https:\/\/prahamtb.cz\/index.php?rest_route=\/wp\/v2\/posts\/6911\/revisions"}],"predecessor-version":[{"id":7050,"href":"https:\/\/prahamtb.cz\/index.php?rest_route=\/wp\/v2\/posts\/6911\/revisions\/7050"}],"wp:attachment":[{"href":"https:\/\/prahamtb.cz\/index.php?rest_route=%2Fwp%2Fv2%2Fmedia&parent=6911"}],"wp:term":[{"taxonomy":"category","embeddable":true,"href":"https:\/\/prahamtb.cz\/index.php?rest_route=%2Fwp%2Fv2%2Fcategories&post=6911"},{"taxonomy":"post_tag","embeddable":true,"href":"https:\/\/prahamtb.cz\/index.php?rest_route=%2Fwp%2Fv2%2Ftags&post=6911"}],"curies":[{"name":"wp","href":"https:\/\/api.w.org\/{rel}","templated":true}]}}