{"id":6900,"date":"2024-08-05T13:33:10","date_gmt":"2024-08-05T13:33:10","guid":{"rendered":"http:\/\/prahamtb.cz\/?p=6900"},"modified":"2024-08-05T13:33:10","modified_gmt":"2024-08-05T13:33:10","slug":"zavod-skoda-prazskeho-mtb-poharu-v-libusi-je-zrusen","status":"publish","type":"post","link":"https:\/\/prahamtb.cz\/?p=6900","title":{"rendered":"Z\u00e1vod \u0160KODA Pra\u017esk\u00e9ho MTB poh\u00e1ru v Libu\u0161i je zru\u0161en!"},"content":{"rendered":"\n<p><strong>Fin\u00e1lov\u00fd z\u00e1vod \u0160KODA Pra\u017esk\u00e9ho MTB poh\u00e1ru, kter\u00fd se m\u011bl uskute\u010dnit v\u00a0ned\u011bli 8. z\u00e1\u0159\u00ed v\u00a0Libu\u0161i je zru\u0161en bez n\u00e1hrady. Medailisty \u0160KODA Pra\u017esk\u00e9ho MTB poh\u00e1ru 2024 ur\u010d\u00ed aktu\u00e1ln\u00ed po\u0159ad\u00ed po p\u011bti odjet\u00fdch z\u00e1vodech.\u00a0<\/strong><\/p>\n\n\n\n<p><strong>O form\u011b p\u0159ed\u00e1n\u00ed cen budou medailist\u00e9 informov\u00e1ni prost\u0159ednictv\u00edm tiskov\u00e9 zpr\u00e1vy. &nbsp;&nbsp;<\/strong><\/p>\n\n\n\n<p>Po dlouh\u00fdch letech bude v&nbsp;kalend\u00e1\u0159i z\u00e1vod\u016f, p\u0159es ve\u0161kerou snahu po\u0159adatel\u016f z&nbsp;SK VELO PRAHA a organiza\u010dn\u00edho t\u00fdmu Pra\u017esk\u00e9ho MTB poh\u00e1ru, chyb\u011bt z\u00e1vod v&nbsp;Libu\u0161i \u2013 P\u00edsnici. D\u016fvodem jsou rozhodnut\u00ed a zm\u011bny na \u00farovni zastupitelsk\u00fdch org\u00e1n\u016f, nep\u0159\u00edli\u0161 vst\u0159\u00edcn\u00e1 k&nbsp;ve\u0159ejn\u00e9mu sportov\u00e1n\u00ed v&nbsp;lokalit\u011b \u00fadol\u00ed p\u00edsnick\u00e9ho potoka, kde se v\u00edce ne\u017e 10 let Pra\u017esk\u00fd MTB poh\u00e1r bezprobl\u00e9mov\u011b odehr\u00e1val\u2026<\/p>\n\n\n\n<p>Po\u0159adatel\u00e9 libu\u0161sk\u00e9ho z\u00e1vodu z&nbsp;SK Velo Praha se intenzivn\u011b sna\u017eili naj\u00edt n\u00e1hradn\u00ed lokalitu, kde by se fin\u00e1lov\u00fd z\u00e1vod mohl uskute\u010dnit, bohu\u017eel bezv\u00fdsledn\u011b. Kdo se n\u011bkdy sna\u017eil uspo\u0159\u00e1dat v&nbsp;Praze bikov\u00fd nebo v podstat\u011b jak\u00fdkoliv cyklistick\u00fd z\u00e1vod, jist\u011b pochop\u00ed&#8230; &nbsp;<\/p>\n\n\n\n<p>Organiza\u010dn\u00ed t\u00fdm \u0160KODA Pra\u017esk\u00e9ho MTB poh\u00e1ru p\u016fvodn\u011b uva\u017eoval o p\u0159esunut\u00ed z\u00e1vodu do Motola, ov\u0161em ani zde to nen\u00ed mo\u017en\u00e9 s&nbsp;ohledem na stav trail\u016f, kter\u00e9 denn\u00edm u\u017e\u00edv\u00e1n\u00edm vy\u017eaduj\u00ed kompletn\u00ed, gener\u00e1ln\u00ed opravy a v&nbsp;tuto chv\u00edli nejsou zp\u016fsobil\u00e9 k&nbsp;uspo\u0159\u00e1d\u00e1n\u00ed z\u00e1vod\u016f takov\u00fdch rozm\u011br\u016f, kter\u00fdm podnik Pra\u017esk\u00e9ho MTB poh\u00e1ru je.<\/p>\n\n\n\n<p>O celkov\u00fdch v\u00edt\u011bz\u00edch \u0160KODA Pra\u017esk\u00e9ho MTB poh\u00e1ru 2024 a dr\u017eitel\u00edch unik\u00e1tn\u00edch poh\u00e1r\u016f rozhodne aktu\u00e1ln\u00ed bodov\u00fd stav, po p\u011bti odjet\u00fdch z\u00e1vodech. &nbsp;<\/p>\n\n\n\n<p>O form\u011b vyhl\u00e1\u0161en\u00ed a p\u0159ed\u00e1n\u00ed trofej\u00ed budou po\u0159adatel\u00e9 poh\u00e1ru informovat prost\u0159ednictv\u00edm tiskov\u00e9 zpr\u00e1vy.<\/p>\n\n\n\n<p><strong>Po\u0159ad\u00ed jednotlivc\u016f \u0160KODA Pra\u017esk\u00e9ho MTB poh\u00e1ru po 5. z\u00e1vodech <a href=\"https:\/\/sportt.cz\/racesSerials\/serial\/42\">ZDE<\/a><\/strong><\/p>\n\n\n\n<p><strong>Po\u0159ad\u00ed sout\u011b\u017ee t\u00fdm\u016f \u0160KODA Pra\u017esk\u00e9ho MTB poh\u00e1ru po 5. z\u00e1vodech <\/strong><a href=\"https:\/\/docs.google.com\/spreadsheets\/d\/e\/2PACX-1vQXaPMagHO2_qZ2REHc0_ZO0EN-7GO1XK-Xdce01Y_2RrnIzZT2jn89e3N5EMTw-7y4_9FF9bGUiuyk\/pubhtml\">ZDE<\/a><\/p>\n\n\n\n<figure class=\"wp-block-image size-large\"><img decoding=\"async\" loading=\"lazy\" width=\"1024\" height=\"682\" src=\"https:\/\/prahamtb.cz\/wp-content\/uploads\/2024\/08\/image002-1024x682.jpg\" alt=\"\" class=\"wp-image-6901\" srcset=\"https:\/\/prahamtb.cz\/wp-content\/uploads\/2024\/08\/image002-1024x682.jpg 1024w, https:\/\/prahamtb.cz\/wp-content\/uploads\/2024\/08\/image002-600x400.jpg 600w, https:\/\/prahamtb.cz\/wp-content\/uploads\/2024\/08\/image002-768x512.jpg 768w, https:\/\/prahamtb.cz\/wp-content\/uploads\/2024\/08\/image002-1536x1024.jpg 1536w, https:\/\/prahamtb.cz\/wp-content\/uploads\/2024\/08\/image002-624x416.jpg 624w, https:\/\/prahamtb.cz\/wp-content\/uploads\/2024\/08\/image002.jpg 2000w\" sizes=\"(max-width: 1024px) 100vw, 1024px\" \/><\/figure>\n","protected":false},"excerpt":{"rendered":"<a href=\"https:\/\/prahamtb.cz\/?p=6900\"><img width=\"150\" src=\"\" class=\"alignleft wp-post-image tfe\" alt=\"\" title=\"\" \/><\/a><p>Fin\u00e1lov\u00fd z\u00e1vod \u0160KODA Pra\u017esk\u00e9ho MTB poh\u00e1ru, kter\u00fd se m\u011bl uskute\u010dnit v\u00a0ned\u011bli 8. z\u00e1\u0159\u00ed v\u00a0Libu\u0161i je zru\u0161en bez n\u00e1hrady. Medailisty \u0160KODA Pra\u017esk\u00e9ho MTB poh\u00e1ru 2024 ur\u010d\u00ed aktu\u00e1ln\u00ed po\u0159ad\u00ed po p\u011bti odjet\u00fdch z\u00e1vodech.\u00a0 O form\u011b p\u0159ed\u00e1n\u00ed cen budou medailist\u00e9 informov\u00e1ni prost\u0159ednictv\u00edm tiskov\u00e9 zpr\u00e1vy. &nbsp;&nbsp; Po dlouh\u00fdch letech bude v&nbsp;kalend\u00e1\u0159i z\u00e1vod\u016f, p\u0159es ve\u0161kerou snahu po\u0159adatel\u016f z&nbsp;SK VELO PRAHA [&hellip;]<\/p>\n","protected":false},"author":1,"featured_media":0,"comment_status":"closed","ping_status":"open","sticky":false,"template":"","format":"standard","meta":[],"categories":[1],"tags":[],"_links":{"self":[{"href":"https:\/\/prahamtb.cz\/index.php?rest_route=\/wp\/v2\/posts\/6900"}],"collection":[{"href":"https:\/\/prahamtb.cz\/index.php?rest_route=\/wp\/v2\/posts"}],"about":[{"href":"https:\/\/prahamtb.cz\/index.php?rest_route=\/wp\/v2\/types\/post"}],"author":[{"embeddable":true,"href":"https:\/\/prahamtb.cz\/index.php?rest_route=\/wp\/v2\/users\/1"}],"replies":[{"embeddable":true,"href":"https:\/\/prahamtb.cz\/index.php?rest_route=%2Fwp%2Fv2%2Fcomments&post=6900"}],"version-history":[{"count":1,"href":"https:\/\/prahamtb.cz\/index.php?rest_route=\/wp\/v2\/posts\/6900\/revisions"}],"predecessor-version":[{"id":6902,"href":"https:\/\/prahamtb.cz\/index.php?rest_route=\/wp\/v2\/posts\/6900\/revisions\/6902"}],"wp:attachment":[{"href":"https:\/\/prahamtb.cz\/index.php?rest_route=%2Fwp%2Fv2%2Fmedia&parent=6900"}],"wp:term":[{"taxonomy":"category","embeddable":true,"href":"https:\/\/prahamtb.cz\/index.php?rest_route=%2Fwp%2Fv2%2Fcategories&post=6900"},{"taxonomy":"post_tag","embeddable":true,"href":"https:\/\/prahamtb.cz\/index.php?rest_route=%2Fwp%2Fv2%2Ftags&post=6900"}],"curies":[{"name":"wp","href":"https:\/\/api.w.org\/{rel}","templated":true}]}}