{"id":6834,"date":"2024-04-08T14:21:23","date_gmt":"2024-04-08T14:21:23","guid":{"rendered":"http:\/\/prahamtb.cz\/?p=6834"},"modified":"2024-04-08T14:21:23","modified_gmt":"2024-04-08T14:21:23","slug":"fotogalerie-z-2-kola-skoda-prazskeho-mtb-poharu-v-motole-1-cast","status":"publish","type":"post","link":"https:\/\/prahamtb.cz\/?p=6834","title":{"rendered":"Fotogalerie z 2.kola \u0160KODA Pra\u017esk\u00e9ho MTB poh\u00e1ru v Motole (1.\u010d\u00e1st)"},"content":{"rendered":"\n<p>Teplotn\u011b i atmosf\u00e9rou \u017ehav\u00e1 ned\u011ble se skv\u011bl\u00fdmi v\u00fdkony mal\u00fdch i velk\u00fdch cyklist\u016f zachycena objektivem Pavla K\u0159ikavy v prvn\u00ed \u010d\u00e1sti fotogalerie, kterou naleznete <a href=\"https:\/\/www.rajce.idnes.cz\/pavelkrikava\/album\/prazsky-mtb-pohar-motol-7-4-2024\">ZDE<\/a><\/p>\n\n\n\n<figure class=\"wp-block-image size-large\"><img decoding=\"async\" loading=\"lazy\" width=\"1024\" height=\"683\" src=\"https:\/\/prahamtb.cz\/wp-content\/uploads\/2024\/04\/240407-PrPohar-Motol-1378-1024x683.jpg\" alt=\"\" class=\"wp-image-6835\" srcset=\"https:\/\/prahamtb.cz\/wp-content\/uploads\/2024\/04\/240407-PrPohar-Motol-1378-1024x683.jpg 1024w, https:\/\/prahamtb.cz\/wp-content\/uploads\/2024\/04\/240407-PrPohar-Motol-1378-600x400.jpg 600w, https:\/\/prahamtb.cz\/wp-content\/uploads\/2024\/04\/240407-PrPohar-Motol-1378-768x512.jpg 768w, https:\/\/prahamtb.cz\/wp-content\/uploads\/2024\/04\/240407-PrPohar-Motol-1378-1536x1024.jpg 1536w, https:\/\/prahamtb.cz\/wp-content\/uploads\/2024\/04\/240407-PrPohar-Motol-1378-624x416.jpg 624w, https:\/\/prahamtb.cz\/wp-content\/uploads\/2024\/04\/240407-PrPohar-Motol-1378.jpg 2048w\" sizes=\"(max-width: 1024px) 100vw, 1024px\" \/><\/figure>\n","protected":false},"excerpt":{"rendered":"<a href=\"https:\/\/prahamtb.cz\/?p=6834\"><img width=\"150\" src=\"\" class=\"alignleft wp-post-image tfe\" alt=\"\" title=\"\" \/><\/a><p>Teplotn\u011b i atmosf\u00e9rou \u017ehav\u00e1 ned\u011ble se skv\u011bl\u00fdmi v\u00fdkony mal\u00fdch i velk\u00fdch cyklist\u016f zachycena objektivem Pavla K\u0159ikavy v prvn\u00ed \u010d\u00e1sti fotogalerie, kterou naleznete ZDE<\/p>\n","protected":false},"author":1,"featured_media":0,"comment_status":"closed","ping_status":"open","sticky":false,"template":"","format":"standard","meta":[],"categories":[1],"tags":[],"_links":{"self":[{"href":"https:\/\/prahamtb.cz\/index.php?rest_route=\/wp\/v2\/posts\/6834"}],"collection":[{"href":"https:\/\/prahamtb.cz\/index.php?rest_route=\/wp\/v2\/posts"}],"about":[{"href":"https:\/\/prahamtb.cz\/index.php?rest_route=\/wp\/v2\/types\/post"}],"author":[{"embeddable":true,"href":"https:\/\/prahamtb.cz\/index.php?rest_route=\/wp\/v2\/users\/1"}],"replies":[{"embeddable":true,"href":"https:\/\/prahamtb.cz\/index.php?rest_route=%2Fwp%2Fv2%2Fcomments&post=6834"}],"version-history":[{"count":1,"href":"https:\/\/prahamtb.cz\/index.php?rest_route=\/wp\/v2\/posts\/6834\/revisions"}],"predecessor-version":[{"id":6836,"href":"https:\/\/prahamtb.cz\/index.php?rest_route=\/wp\/v2\/posts\/6834\/revisions\/6836"}],"wp:attachment":[{"href":"https:\/\/prahamtb.cz\/index.php?rest_route=%2Fwp%2Fv2%2Fmedia&parent=6834"}],"wp:term":[{"taxonomy":"category","embeddable":true,"href":"https:\/\/prahamtb.cz\/index.php?rest_route=%2Fwp%2Fv2%2Fcategories&post=6834"},{"taxonomy":"post_tag","embeddable":true,"href":"https:\/\/prahamtb.cz\/index.php?rest_route=%2Fwp%2Fv2%2Ftags&post=6834"}],"curies":[{"name":"wp","href":"https:\/\/api.w.org\/{rel}","templated":true}]}}