{"id":5965,"date":"2021-06-07T21:56:12","date_gmt":"2021-06-07T21:56:12","guid":{"rendered":"http:\/\/prahamtb.cz\/?p=5965"},"modified":"2021-06-07T22:02:15","modified_gmt":"2021-06-07T22:02:15","slug":"fotogalerie-bary-klap-z-prvniho-kola-skoda-prazskeho-mtb-poharu-v-beckove","status":"publish","type":"post","link":"https:\/\/prahamtb.cz\/?p=5965","title":{"rendered":"Fotogalerie B\u00e1ry Klap z prvn\u00edho kola \u0160KODA Pra\u017esk\u00e9ho MTB poh\u00e1ru v Beckov\u011b"},"content":{"rendered":"\n<p>Pod\u00edvejte se na fotogalerii B\u00e1ry Klap  z ned\u011bln\u00edho z\u00e1vodu v Beckov\u011b pln\u00e9 \u00fasm\u011bv\u016f, kr\u00e1sn\u00fdch emoc\u00ed, sportovn\u00edch v\u00fdkon\u016f a pohody.<\/p>\n\n\n\n<p>Fotogalerii naleznete <a href=\"https:\/\/www.zonerama.com\/BarboraKlap\/Album\/7319806?fbclid=IwAR1IvVfF0n6hzpv3ETJiFkPkyvjZcIait0VDry042uBfgjfieGgibB86NhE\">ZDE<\/a><\/p>\n\n\n\n<figure class=\"wp-block-image size-large\"><img decoding=\"async\" loading=\"lazy\" width=\"1600\" height=\"1023\" src=\"https:\/\/prahamtb.cz\/wp-content\/uploads\/2021\/06\/unnamed-edited.jpg\" alt=\"\" class=\"wp-image-5968\" srcset=\"https:\/\/prahamtb.cz\/wp-content\/uploads\/2021\/06\/unnamed-edited.jpg 1600w, https:\/\/prahamtb.cz\/wp-content\/uploads\/2021\/06\/unnamed-edited-600x384.jpg 600w, https:\/\/prahamtb.cz\/wp-content\/uploads\/2021\/06\/unnamed-edited-1024x655.jpg 1024w, https:\/\/prahamtb.cz\/wp-content\/uploads\/2021\/06\/unnamed-edited-768x491.jpg 768w, https:\/\/prahamtb.cz\/wp-content\/uploads\/2021\/06\/unnamed-edited-1536x982.jpg 1536w, https:\/\/prahamtb.cz\/wp-content\/uploads\/2021\/06\/unnamed-edited-624x399.jpg 624w\" sizes=\"(max-width: 1600px) 100vw, 1600px\" \/><\/figure>\n","protected":false},"excerpt":{"rendered":"<a href=\"https:\/\/prahamtb.cz\/?p=5965\"><img width=\"150\" src=\"\" class=\"alignleft wp-post-image tfe\" alt=\"\" title=\"\" \/><\/a><p>Pod\u00edvejte se na fotogalerii B\u00e1ry Klap z ned\u011bln\u00edho z\u00e1vodu v Beckov\u011b pln\u00e9 \u00fasm\u011bv\u016f, kr\u00e1sn\u00fdch emoc\u00ed, sportovn\u00edch v\u00fdkon\u016f a pohody. Fotogalerii naleznete ZDE<\/p>\n","protected":false},"author":1,"featured_media":0,"comment_status":"closed","ping_status":"open","sticky":false,"template":"","format":"standard","meta":[],"categories":[1],"tags":[],"_links":{"self":[{"href":"https:\/\/prahamtb.cz\/index.php?rest_route=\/wp\/v2\/posts\/5965"}],"collection":[{"href":"https:\/\/prahamtb.cz\/index.php?rest_route=\/wp\/v2\/posts"}],"about":[{"href":"https:\/\/prahamtb.cz\/index.php?rest_route=\/wp\/v2\/types\/post"}],"author":[{"embeddable":true,"href":"https:\/\/prahamtb.cz\/index.php?rest_route=\/wp\/v2\/users\/1"}],"replies":[{"embeddable":true,"href":"https:\/\/prahamtb.cz\/index.php?rest_route=%2Fwp%2Fv2%2Fcomments&post=5965"}],"version-history":[{"count":4,"href":"https:\/\/prahamtb.cz\/index.php?rest_route=\/wp\/v2\/posts\/5965\/revisions"}],"predecessor-version":[{"id":5971,"href":"https:\/\/prahamtb.cz\/index.php?rest_route=\/wp\/v2\/posts\/5965\/revisions\/5971"}],"wp:attachment":[{"href":"https:\/\/prahamtb.cz\/index.php?rest_route=%2Fwp%2Fv2%2Fmedia&parent=5965"}],"wp:term":[{"taxonomy":"category","embeddable":true,"href":"https:\/\/prahamtb.cz\/index.php?rest_route=%2Fwp%2Fv2%2Fcategories&post=5965"},{"taxonomy":"post_tag","embeddable":true,"href":"https:\/\/prahamtb.cz\/index.php?rest_route=%2Fwp%2Fv2%2Ftags&post=5965"}],"curies":[{"name":"wp","href":"https:\/\/api.w.org\/{rel}","templated":true}]}}