{"id":5654,"date":"2020-06-08T12:29:11","date_gmt":"2020-06-08T12:29:11","guid":{"rendered":"http:\/\/prahamtb.cz\/?p=5654"},"modified":"2020-06-08T12:29:11","modified_gmt":"2020-06-08T12:29:11","slug":"skoda-tomket-prazsky-mtb-pohar-v-beckove-vyhrali-pichlikova-a-skarnitzl","status":"publish","type":"post","link":"https:\/\/prahamtb.cz\/?p=5654","title":{"rendered":"\u0160KODA TOMKET Pra\u017esk\u00fd MTB poh\u00e1r v Beckov\u011b vyhr\u00e1li Pichl\u00edkov\u00e1 a \u0160karnitzl!"},"content":{"rendered":"<p>\u00davodn\u00edm z\u00e1vodem v\u00a0Beckov\u011b odstartoval \u0160KODA TOMKET Pra\u017esk\u00fd MTB poh\u00e1r 2020. V\u00a0elitn\u00edch kategori\u00edch mu\u017e\u016f a \u017een slavili v\u00edt\u011bzstv\u00ed \u010de\u0161t\u00ed reprezentanti Jana Pichl\u00edkov\u00e1 (Kross BikeRanch Team) a Jan \u0160karnitzl (CYKLOSTAR TREK MERCEDES BENZ PRAHA).<\/p>\n<p>Beckov p\u0159iv\u00edtal v\u00edce ne\u017e 650 biker\u016f a po\u0159adatel\u00e9 seri\u00e1lu se museli vypo\u0159\u00e1dat nejenom s\u00a0organizac\u00ed podniku, kter\u00fd dos\u00e1hnul na \u00fa\u010dastnick\u00e9 kv\u00f3ty \u010cesk\u00e9ho poh\u00e1ru, ale tak\u00e9 s\u00a0napln\u011bn\u00edm v\u0161ech vl\u00e1dn\u00edch ustanoven\u00ed souvisej\u00edc\u00edch s\u00a0pandemi\u00ed koronaviru. Po\u010detn\u00e9 startovn\u00ed pole startovalo v\u00a0pr\u016fb\u011bhu cel\u00e9ho dne v\u00a0p\u011bti \u010dasov\u00fdch bloc\u00edch po jednotliv\u00fdch kategori\u00edch a moder\u00e1tor Michal Berka ihned po dojezdu jednotliv\u00fdch kategori\u00ed nab\u00e1dal \u00fa\u010dastn\u00edky k\u00a0opu\u0161t\u011bn\u00ed are\u00e1lu, co\u017e se mu v\u00a0jeho moder\u00e1torsk\u00e9 kari\u00e9\u0159e patrn\u011b je\u0161t\u011b nestalo.<\/p>\n<p>Startovn\u00ed listiny v\u0161ech kategori\u00ed registrovaly jezdce absolutn\u00ed \u010desk\u00e9 bikov\u00e9 \u0161pi\u010dky. Dom\u00e1c\u00ed t\u00fdm ADASTRA Cycling Team veden\u00fd Pavlem Mi\u0161on\u011bm p\u0159ipravil perfektn\u00ed, technickou tra\u0165 a z\u00e1vody v\u0161ech kategori\u00ed m\u011bly dramatick\u00fd a strhuj\u00edc\u00ed pr\u016fb\u011bh. Elitn\u00ed z\u00e1vodu mu\u017e\u016f byl dlouho vyrovnan\u00fd d\u00edky bezchybn\u00e9 j\u00edzd\u011b v\u0161ech favorit\u016f, kte\u0159\u00ed jezdili ve spole\u010dn\u00e9 skupin\u011b. Jan \u0160karnitzl p\u0159edvedl v\u00a0Beckov\u011b jeden ze sv\u00fdch tradi\u010dn\u00edch pomal\u00fdch start\u016f, ale n\u00e1sledn\u011b se takticky vysp\u011blou j\u00edzdou a p\u0159edev\u0161\u00edm v\u00fdborn\u00fdm v\u00fdkonem propracoval na \u010delo z\u00e1vodu a zaslou\u017een\u011b vyhr\u00e1l p\u0159ed Luk\u00e1\u0161em Kobesem (GAPP System &#8211; KOLOFIX MTB racing Team) a Tom\u00e1\u0161em Paprstkou (Expres CZ &#8211; Tufo Team Kol\u00edn).<\/p>\n<p>Z\u00e1vod \u017een byl \u010d\u00e1ste\u010dn\u011b ovlivn\u011bn chybn\u00fdm odbo\u010den\u00edm vedouc\u00ed skupinky z\u00e1vodnic v\u00a0zav\u00e1d\u011bc\u00edm kole kr\u00e1tce po startu, \u010deho\u017e dokonale vyu\u017eila Jana Pichl\u00edkov\u00e1, kter\u00e1 se dostala na \u010delo z\u00e1vodu a svou pozici udr\u017eela a\u017e do c\u00edle. Nutno dodat, \u017ee startovn\u00ed \u201ebloud\u011bn\u00ed\u201c \u010dela z\u00e1vodu nijak nesni\u017euje v\u00fdkon Jany, naopak. Z\u00e1vod v\u00a0Beckov\u011b zvl\u00e1dla ve vynikaj\u00edc\u00ed form\u011b a odv\u00e1\u017e\u00edme se dokonce konstatovat, \u017ee maratonsk\u00e1 reprezentantka a specialistka p\u0159edvedla na trati XCO jeden ze sv\u00fdch v\u016fbec nejlep\u0161\u00edch v\u00fdkon\u016f. Na druh\u00e9m m\u00edst\u011b se um\u00edstila \u010desk\u00e1 reprezentantka v\u00a0kategorii U23 Tereza Tvar\u016f\u017ekov\u00e1 (Expres CZ &#8211; Tufo Team Kol\u00edn), kter\u00e1 odolala st\u00edhac\u00ed j\u00edzd\u011b \u00fa\u0159aduj\u00edc\u00ed \u010desk\u00e9 \u0161ampionky a smola\u0159ce z\u00e1vodu Jitce \u010c\u00e1belick\u00e9 (GAPP System &#8211; KOLOFIX MTB racing Team).<\/p>\n<p>V\u00a0atraktivn\u00edm sv\u011btle se p\u0159edstavila tak\u00e9 \u010desk\u00e1 juniorsk\u00e1 \u0161pi\u010dka. Mistryn\u011b Evropy kategorie kadet\u016f Aneta Novotn\u00e1 (ADASTRA Cycling Team) vstoupila mezi juniorky t\u00edm nejlep\u0161\u00edm zp\u016fsobem a z\u00e1vod dokon\u010dila spole\u010dn\u011b s\u00a0nejlep\u0161\u00edmi \u017eenami kategorie Elite. To zku\u0161en\u00fd David \u0160ulc (IVAR CS &#8211; AUTHOR TEAM) m\u011bl po \u00farazu sv\u00e9ho reprezenta\u010dn\u00edho kolegy Jana Zatloukala jin\u00fd \u00fakol. Mus\u00ed zvl\u00e1dnout a potvrdit svou roli aktu\u00e1ln\u00ed \u010desk\u00e9 juniorsk\u00e9 jedni\u010dky. Poda\u0159ilo se mu to bezchybn\u011b, David nav\u00e1zal na sv\u00e9 v\u00edt\u011bzstv\u00ed z\u00a0minul\u00e9ho t\u00fddne na Zadov\u011b a i v\u00a0Beckov\u011b zv\u00edt\u011bzil p\u0159esv\u011bd\u010div\u00fdm zp\u016fsobem.<\/p>\n<p>\u0160KODA TOMKET Pra\u017esk\u00fd MTB poh\u00e1r pokra\u010duje dal\u0161\u00edm z\u00e1vodem v\u00a0ned\u011bli 21. \u010dervna v\u00a0Lesoparku Kbely. Z\u00e1vod bude z\u00e1rove\u0148 Mistrovstv\u00edm Prahy pro kategorie \u017e\u00e1ci, kadeti, junio\u0159i.<\/p>\n<p>V\u00fdsledky 1. kolo \u0160KODA TOMKET Pra\u017esk\u00fd MTB poh\u00e1r Beckov: <a href=\"https:\/\/www.sportt.cz\/racesResults\/resultlist\/994\">ZDE<\/a><br \/>\nP\u0159ihl\u00e1\u0161ky na\u00a02. kolo \u0160KODA TOMKET Pra\u017esk\u00fd MTB poh\u00e1r Kbely:\u00a0<a href=\"https:\/\/www.sportt.cz\/register\/999\">ZDE<\/a><\/p>\n<p><a href=\"https:\/\/prahamtb.cz\/wp-content\/uploads\/2020\/06\/20200608_132952.jpg\" rel=\"lightbox\"><img decoding=\"async\" loading=\"lazy\" class=\"alignnone size-medium wp-image-5655\" src=\"https:\/\/prahamtb.cz\/wp-content\/uploads\/2020\/06\/20200608_132952-600x442.jpg\" alt=\"20200608_132952\" width=\"600\" height=\"442\" srcset=\"https:\/\/prahamtb.cz\/wp-content\/uploads\/2020\/06\/20200608_132952-600x442.jpg 600w, https:\/\/prahamtb.cz\/wp-content\/uploads\/2020\/06\/20200608_132952-1024x754.jpg 1024w, https:\/\/prahamtb.cz\/wp-content\/uploads\/2020\/06\/20200608_132952-624x459.jpg 624w\" sizes=\"(max-width: 600px) 100vw, 600px\" \/><\/a><\/p>\n","protected":false},"excerpt":{"rendered":"<a href=\"https:\/\/prahamtb.cz\/?p=5654\"><img width=\"150\" src=\"\" class=\"alignleft wp-post-image tfe\" alt=\"\" title=\"\" \/><\/a><p>\u00davodn\u00edm z\u00e1vodem v\u00a0Beckov\u011b odstartoval \u0160KODA TOMKET Pra\u017esk\u00fd MTB poh\u00e1r 2020. V\u00a0elitn\u00edch kategori\u00edch mu\u017e\u016f a \u017een slavili v\u00edt\u011bzstv\u00ed \u010de\u0161t\u00ed reprezentanti Jana Pichl\u00edkov\u00e1 (Kross BikeRanch Team) a Jan \u0160karnitzl (CYKLOSTAR TREK MERCEDES BENZ PRAHA). Beckov p\u0159iv\u00edtal v\u00edce ne\u017e 650 biker\u016f a po\u0159adatel\u00e9 seri\u00e1lu se museli vypo\u0159\u00e1dat nejenom s\u00a0organizac\u00ed podniku, kter\u00fd dos\u00e1hnul na \u00fa\u010dastnick\u00e9 kv\u00f3ty \u010cesk\u00e9ho poh\u00e1ru, ale [&hellip;]<\/p>\n","protected":false},"author":1,"featured_media":0,"comment_status":"closed","ping_status":"open","sticky":false,"template":"","format":"standard","meta":[],"categories":[1],"tags":[],"_links":{"self":[{"href":"https:\/\/prahamtb.cz\/index.php?rest_route=\/wp\/v2\/posts\/5654"}],"collection":[{"href":"https:\/\/prahamtb.cz\/index.php?rest_route=\/wp\/v2\/posts"}],"about":[{"href":"https:\/\/prahamtb.cz\/index.php?rest_route=\/wp\/v2\/types\/post"}],"author":[{"embeddable":true,"href":"https:\/\/prahamtb.cz\/index.php?rest_route=\/wp\/v2\/users\/1"}],"replies":[{"embeddable":true,"href":"https:\/\/prahamtb.cz\/index.php?rest_route=%2Fwp%2Fv2%2Fcomments&post=5654"}],"version-history":[{"count":1,"href":"https:\/\/prahamtb.cz\/index.php?rest_route=\/wp\/v2\/posts\/5654\/revisions"}],"predecessor-version":[{"id":5656,"href":"https:\/\/prahamtb.cz\/index.php?rest_route=\/wp\/v2\/posts\/5654\/revisions\/5656"}],"wp:attachment":[{"href":"https:\/\/prahamtb.cz\/index.php?rest_route=%2Fwp%2Fv2%2Fmedia&parent=5654"}],"wp:term":[{"taxonomy":"category","embeddable":true,"href":"https:\/\/prahamtb.cz\/index.php?rest_route=%2Fwp%2Fv2%2Fcategories&post=5654"},{"taxonomy":"post_tag","embeddable":true,"href":"https:\/\/prahamtb.cz\/index.php?rest_route=%2Fwp%2Fv2%2Ftags&post=5654"}],"curies":[{"name":"wp","href":"https:\/\/api.w.org\/{rel}","templated":true}]}}