{"id":4203,"date":"2016-03-26T21:37:01","date_gmt":"2016-03-26T21:37:01","guid":{"rendered":"http:\/\/prahamtb.cz\/?p=4203"},"modified":"2016-03-26T22:25:46","modified_gmt":"2016-03-26T22:25:46","slug":"vysledky-1-kola-prazskeho-mtb-poharu-2016","status":"publish","type":"post","link":"https:\/\/prahamtb.cz\/?p=4203","title":{"rendered":"V\u00fdsledky 1.kola Pra\u017esk\u00e9ho MTB poh\u00e1ru 2016"},"content":{"rendered":"<p>V\u00fdsledky z prvn\u00edho kola Pra\u017esk\u00e9ho MTB poh\u00e1ru 2016, kter\u00e9 prob\u011bhlo v sobotu 26.3.2016 v pra\u017esk\u00e9m Zli\u010d\u00edn\u011b naleznete <a href=\"https:\/\/prahamtb.cz\/wp-content\/uploads\/2016\/03\/V%C3%BDsledky-1-kolo_Zli%C4%8D%C3%ADn_Pra%C5%BEsk%C3%BD-MTB-poh%C3%A1r-2016.pdf\">ZDE<\/a><\/p>\n<p><a href=\"https:\/\/prahamtb.cz\/wp-content\/uploads\/2014\/09\/PMTBP_nove-logo.jpg\" rel=\"lightbox\"><img decoding=\"async\" loading=\"lazy\" class=\"alignnone size-medium wp-image-2982\" src=\"https:\/\/prahamtb.cz\/wp-content\/uploads\/2014\/09\/PMTBP_nove-logo-600x223.jpg\" alt=\"PMTBP_nove logo\" width=\"600\" height=\"223\" srcset=\"https:\/\/prahamtb.cz\/wp-content\/uploads\/2014\/09\/PMTBP_nove-logo-600x223.jpg 600w, https:\/\/prahamtb.cz\/wp-content\/uploads\/2014\/09\/PMTBP_nove-logo-624x232.jpg 624w, https:\/\/prahamtb.cz\/wp-content\/uploads\/2014\/09\/PMTBP_nove-logo.jpg 966w\" sizes=\"(max-width: 600px) 100vw, 600px\" \/><\/a><\/p>\n","protected":false},"excerpt":{"rendered":"<a href=\"https:\/\/prahamtb.cz\/?p=4203\"><img width=\"150\" src=\"\" class=\"alignleft wp-post-image tfe\" alt=\"\" title=\"\" \/><\/a><p>V\u00fdsledky z prvn\u00edho kola Pra\u017esk\u00e9ho MTB poh\u00e1ru 2016, kter\u00e9 prob\u011bhlo v sobotu 26.3.2016 v pra\u017esk\u00e9m Zli\u010d\u00edn\u011b naleznete ZDE<\/p>\n","protected":false},"author":1,"featured_media":0,"comment_status":"closed","ping_status":"open","sticky":false,"template":"","format":"standard","meta":[],"categories":[1],"tags":[],"_links":{"self":[{"href":"https:\/\/prahamtb.cz\/index.php?rest_route=\/wp\/v2\/posts\/4203"}],"collection":[{"href":"https:\/\/prahamtb.cz\/index.php?rest_route=\/wp\/v2\/posts"}],"about":[{"href":"https:\/\/prahamtb.cz\/index.php?rest_route=\/wp\/v2\/types\/post"}],"author":[{"embeddable":true,"href":"https:\/\/prahamtb.cz\/index.php?rest_route=\/wp\/v2\/users\/1"}],"replies":[{"embeddable":true,"href":"https:\/\/prahamtb.cz\/index.php?rest_route=%2Fwp%2Fv2%2Fcomments&post=4203"}],"version-history":[{"count":4,"href":"https:\/\/prahamtb.cz\/index.php?rest_route=\/wp\/v2\/posts\/4203\/revisions"}],"predecessor-version":[{"id":4216,"href":"https:\/\/prahamtb.cz\/index.php?rest_route=\/wp\/v2\/posts\/4203\/revisions\/4216"}],"wp:attachment":[{"href":"https:\/\/prahamtb.cz\/index.php?rest_route=%2Fwp%2Fv2%2Fmedia&parent=4203"}],"wp:term":[{"taxonomy":"category","embeddable":true,"href":"https:\/\/prahamtb.cz\/index.php?rest_route=%2Fwp%2Fv2%2Fcategories&post=4203"},{"taxonomy":"post_tag","embeddable":true,"href":"https:\/\/prahamtb.cz\/index.php?rest_route=%2Fwp%2Fv2%2Ftags&post=4203"}],"curies":[{"name":"wp","href":"https:\/\/api.w.org\/{rel}","templated":true}]}}