{"id":4200,"date":"2016-03-18T22:07:36","date_gmt":"2016-03-18T22:07:36","guid":{"rendered":"http:\/\/prahamtb.cz\/?p=4200"},"modified":"2016-03-18T22:07:36","modified_gmt":"2016-03-18T22:07:36","slug":"na-zlicin-se-chysta-ceska-bikova-spicka","status":"publish","type":"post","link":"https:\/\/prahamtb.cz\/?p=4200","title":{"rendered":"Na Zli\u010d\u00edn se chyst\u00e1 \u010desk\u00e1 bikov\u00e1 \u0161pi\u010dka"},"content":{"rendered":"<p>V\u00a0sobotu 26. b\u0159ezna za\u010d\u00edn\u00e1 na Zli\u010d\u00edn\u011b \u00favodn\u00edm z\u00e1vodem Pra\u017esk\u00e9ho MTB poh\u00e1ru 2016 z\u00e1vodn\u00ed sez\u00f3na horsk\u00fdch kol.<\/p>\n<p>Volno\u010dasov\u00fd seri\u00e1l v\u00a0olympijsk\u00e9m cross country pro v\u0161echny v\u011bkov\u00e9 i v\u00fdkonnostn\u00ed kategorie u\u017e \u010dtvrt\u00fdm rokem l\u00e1k\u00e1 na start stovky biker\u016f z\u00a0cel\u00e9 \u010cesk\u00e9 republiky.<\/p>\n<p>Nejinak tomu je i v\u00a0leto\u0161n\u00edm olympijsk\u00e9m roce a hned \u00favodn\u00ed z\u00e1vod na pra\u017esk\u00e9m Zli\u010d\u00edn\u011b slibuje velmi atraktivn\u00ed pod\u00edvanou, jak napov\u00edd\u00e1 pohled do zapln\u011bn\u00e9 startovn\u00ed listiny.<\/p>\n<p>\u00da\u010dast v\u00a0z\u00e1vod\u011b pl\u00e1nuje i \u0159ada \u010desk\u00fdch reprezentant\u016f, mimo jin\u00e9 Barbora Pr\u016fdkov\u00e1 a Ad\u00e9la \u0160af\u00e1\u0159ov\u00e1 (ob\u011b Nutrend Specialized Racing), Jitka \u0160karnitzlov\u00e1 (\u010cS Accolade), Jan \u0160karnitzl (Sram Rubena Trek), Jan Nesvadba (Express Merida Kol\u00edn) a dal\u0161\u00ed.<\/p>\n<p>Z\u00e1vodem bude prov\u00e1zet popul\u00e1rn\u00ed moder\u00e1torsk\u00e1 dvojice MaD Speakers, Daniel Stach a M\u00edra Lenc.<\/p>\n<p>Ofici\u00e1ln\u00ed tr\u00e9nink na trati z\u00e1vodu se uskute\u010dn\u00ed v\u00a0p\u00e1tek od 16:00 hodin.<\/p>\n<p>Nicm\u00e9n\u011b tra\u0165 z\u00e1vodu v\u00a0Bike parku na Zli\u010d\u00edn\u011b je u\u017e nyn\u00ed zcela p\u0159ipraven\u00e1 k tr\u00e9ninku a cel\u00fd t\u00fdm Calabrone v\u00a0\u010dele s\u00a0reprezenta\u010dn\u00edm kucha\u0159em Martinem Jarou\u0161em, kte\u0159\u00ed se o zli\u010d\u00ednsk\u00fd Bikepark celoro\u010dn\u011b staraj\u00ed v\u00e1s zvou u\u017e nyn\u00ed k\u00a0n\u00e1v\u0161t\u011bv\u011b atraktivn\u00edho a obl\u00edben\u00e9ho okruhu, kde p\u0159es zimu p\u0159ibylo n\u011bkolik nov\u00fdch technick\u00fdch sekc\u00ed.<\/p>\n<p>Sledujte <a href=\"http:\/\/www.prahamtb.cz\">www.prahamtb.cz<\/a> a <a href=\"http:\/\/www.skcpraha.cz\">www.skcpraha.cz<\/a>!<\/p>\n<p><a href=\"https:\/\/prahamtb.cz\/wp-content\/uploads\/2014\/09\/PMTBP_nove-logo.jpg\" rel=\"lightbox\"><img decoding=\"async\" loading=\"lazy\" class=\"alignnone size-medium wp-image-2982\" src=\"https:\/\/prahamtb.cz\/wp-content\/uploads\/2014\/09\/PMTBP_nove-logo-600x223.jpg\" alt=\"PMTBP_nove logo\" width=\"600\" height=\"223\" srcset=\"https:\/\/prahamtb.cz\/wp-content\/uploads\/2014\/09\/PMTBP_nove-logo-600x223.jpg 600w, https:\/\/prahamtb.cz\/wp-content\/uploads\/2014\/09\/PMTBP_nove-logo-624x232.jpg 624w, https:\/\/prahamtb.cz\/wp-content\/uploads\/2014\/09\/PMTBP_nove-logo.jpg 966w\" sizes=\"(max-width: 600px) 100vw, 600px\" \/><\/a><\/p>\n<p>&nbsp;<\/p>\n<p>&nbsp;<\/p>\n","protected":false},"excerpt":{"rendered":"<a href=\"https:\/\/prahamtb.cz\/?p=4200\"><img width=\"150\" src=\"\" class=\"alignleft wp-post-image tfe\" alt=\"\" title=\"\" \/><\/a><p>V\u00a0sobotu 26. b\u0159ezna za\u010d\u00edn\u00e1 na Zli\u010d\u00edn\u011b \u00favodn\u00edm z\u00e1vodem Pra\u017esk\u00e9ho MTB poh\u00e1ru 2016 z\u00e1vodn\u00ed sez\u00f3na horsk\u00fdch kol. Volno\u010dasov\u00fd seri\u00e1l v\u00a0olympijsk\u00e9m cross country pro v\u0161echny v\u011bkov\u00e9 i v\u00fdkonnostn\u00ed kategorie u\u017e \u010dtvrt\u00fdm rokem l\u00e1k\u00e1 na start stovky biker\u016f z\u00a0cel\u00e9 \u010cesk\u00e9 republiky. Nejinak tomu je i v\u00a0leto\u0161n\u00edm olympijsk\u00e9m roce a hned \u00favodn\u00ed z\u00e1vod na pra\u017esk\u00e9m Zli\u010d\u00edn\u011b slibuje velmi atraktivn\u00ed [&hellip;]<\/p>\n","protected":false},"author":1,"featured_media":0,"comment_status":"closed","ping_status":"open","sticky":false,"template":"","format":"standard","meta":[],"categories":[1],"tags":[],"_links":{"self":[{"href":"https:\/\/prahamtb.cz\/index.php?rest_route=\/wp\/v2\/posts\/4200"}],"collection":[{"href":"https:\/\/prahamtb.cz\/index.php?rest_route=\/wp\/v2\/posts"}],"about":[{"href":"https:\/\/prahamtb.cz\/index.php?rest_route=\/wp\/v2\/types\/post"}],"author":[{"embeddable":true,"href":"https:\/\/prahamtb.cz\/index.php?rest_route=\/wp\/v2\/users\/1"}],"replies":[{"embeddable":true,"href":"https:\/\/prahamtb.cz\/index.php?rest_route=%2Fwp%2Fv2%2Fcomments&post=4200"}],"version-history":[{"count":1,"href":"https:\/\/prahamtb.cz\/index.php?rest_route=\/wp\/v2\/posts\/4200\/revisions"}],"predecessor-version":[{"id":4201,"href":"https:\/\/prahamtb.cz\/index.php?rest_route=\/wp\/v2\/posts\/4200\/revisions\/4201"}],"wp:attachment":[{"href":"https:\/\/prahamtb.cz\/index.php?rest_route=%2Fwp%2Fv2%2Fmedia&parent=4200"}],"wp:term":[{"taxonomy":"category","embeddable":true,"href":"https:\/\/prahamtb.cz\/index.php?rest_route=%2Fwp%2Fv2%2Fcategories&post=4200"},{"taxonomy":"post_tag","embeddable":true,"href":"https:\/\/prahamtb.cz\/index.php?rest_route=%2Fwp%2Fv2%2Ftags&post=4200"}],"curies":[{"name":"wp","href":"https:\/\/api.w.org\/{rel}","templated":true}]}}