{"id":4195,"date":"2016-02-24T07:26:29","date_gmt":"2016-02-24T07:26:29","guid":{"rendered":"http:\/\/prahamtb.cz\/?p=4195"},"modified":"2016-02-24T07:26:29","modified_gmt":"2016-02-24T07:26:29","slug":"video-treninku-dukla-praha-na-zlicinske-trati-prazskeho-mtb-poharu","status":"publish","type":"post","link":"https:\/\/prahamtb.cz\/?p=4195","title":{"rendered":"Video tr\u00e9ninku Dukla Praha na zli\u010d\u00ednsk\u00e9 trati Pra\u017esk\u00e9ho MTB poh\u00e1ru"},"content":{"rendered":"<p>Pod\u00edvejte se na video z\u00a0tr\u00e9ninku nejmen\u0161\u00edch biker\u016f Dukly Praha na trati \u00favodn\u00edho kola Pra\u017esk\u00e9ho MTB poh\u00e1ru na Zli\u010d\u00edn\u011b.<\/p>\n<p>Video m\u016f\u017eete shl\u00e9dnout <a href=\"https:\/\/www.youtube.com\/watch?v=u8JHUdC2mL4&amp;feature=youtu.be\">ZDE<\/a><\/p>\n<p><a href=\"https:\/\/prahamtb.cz\/wp-content\/uploads\/2013\/03\/Mapa_Zlicin_zavodni-okruh_1-kolo-PMTBP.jpg\" rel=\"lightbox\"><img decoding=\"async\" loading=\"lazy\" class=\"alignnone size-medium wp-image-4174\" src=\"https:\/\/prahamtb.cz\/wp-content\/uploads\/2013\/03\/Mapa_Zlicin_zavodni-okruh_1-kolo-PMTBP-600x346.jpg\" alt=\"Mapa_Zlicin_zavodni okruh_1 kolo PMTBP\" width=\"600\" height=\"346\" srcset=\"https:\/\/prahamtb.cz\/wp-content\/uploads\/2013\/03\/Mapa_Zlicin_zavodni-okruh_1-kolo-PMTBP-600x346.jpg 600w, https:\/\/prahamtb.cz\/wp-content\/uploads\/2013\/03\/Mapa_Zlicin_zavodni-okruh_1-kolo-PMTBP-1024x591.jpg 1024w, https:\/\/prahamtb.cz\/wp-content\/uploads\/2013\/03\/Mapa_Zlicin_zavodni-okruh_1-kolo-PMTBP-624x360.jpg 624w, https:\/\/prahamtb.cz\/wp-content\/uploads\/2013\/03\/Mapa_Zlicin_zavodni-okruh_1-kolo-PMTBP.jpg 1121w\" sizes=\"(max-width: 600px) 100vw, 600px\" \/><\/a><\/p>\n","protected":false},"excerpt":{"rendered":"<a href=\"https:\/\/prahamtb.cz\/?p=4195\"><img width=\"150\" src=\"\" class=\"alignleft wp-post-image tfe\" alt=\"\" title=\"\" \/><\/a><p>Pod\u00edvejte se na video z\u00a0tr\u00e9ninku nejmen\u0161\u00edch biker\u016f Dukly Praha na trati \u00favodn\u00edho kola Pra\u017esk\u00e9ho MTB poh\u00e1ru na Zli\u010d\u00edn\u011b. Video m\u016f\u017eete shl\u00e9dnout ZDE<\/p>\n","protected":false},"author":1,"featured_media":0,"comment_status":"closed","ping_status":"open","sticky":false,"template":"","format":"standard","meta":[],"categories":[1],"tags":[],"_links":{"self":[{"href":"https:\/\/prahamtb.cz\/index.php?rest_route=\/wp\/v2\/posts\/4195"}],"collection":[{"href":"https:\/\/prahamtb.cz\/index.php?rest_route=\/wp\/v2\/posts"}],"about":[{"href":"https:\/\/prahamtb.cz\/index.php?rest_route=\/wp\/v2\/types\/post"}],"author":[{"embeddable":true,"href":"https:\/\/prahamtb.cz\/index.php?rest_route=\/wp\/v2\/users\/1"}],"replies":[{"embeddable":true,"href":"https:\/\/prahamtb.cz\/index.php?rest_route=%2Fwp%2Fv2%2Fcomments&post=4195"}],"version-history":[{"count":1,"href":"https:\/\/prahamtb.cz\/index.php?rest_route=\/wp\/v2\/posts\/4195\/revisions"}],"predecessor-version":[{"id":4196,"href":"https:\/\/prahamtb.cz\/index.php?rest_route=\/wp\/v2\/posts\/4195\/revisions\/4196"}],"wp:attachment":[{"href":"https:\/\/prahamtb.cz\/index.php?rest_route=%2Fwp%2Fv2%2Fmedia&parent=4195"}],"wp:term":[{"taxonomy":"category","embeddable":true,"href":"https:\/\/prahamtb.cz\/index.php?rest_route=%2Fwp%2Fv2%2Fcategories&post=4195"},{"taxonomy":"post_tag","embeddable":true,"href":"https:\/\/prahamtb.cz\/index.php?rest_route=%2Fwp%2Fv2%2Ftags&post=4195"}],"curies":[{"name":"wp","href":"https:\/\/api.w.org\/{rel}","templated":true}]}}