{"id":4186,"date":"2016-02-17T07:10:57","date_gmt":"2016-02-17T07:10:57","guid":{"rendered":"http:\/\/prahamtb.cz\/?p=4186"},"modified":"2016-02-17T07:10:57","modified_gmt":"2016-02-17T07:10:57","slug":"26-brezna-startuje-na-zlicine-prazsky-mtb-pohar","status":"publish","type":"post","link":"https:\/\/prahamtb.cz\/?p=4186","title":{"rendered":"26. b\u0159ezna startuje na Zli\u010d\u00edne Pra\u017esk\u00fd MTB poh\u00e1r!"},"content":{"rendered":"<p>V sobotu 26. b\u0159ezna startuje sv\u00fdm prvn\u00edm z\u00e1vodem na Zli\u010d\u00edn\u011b popul\u00e1rn\u00ed Pra\u017esk\u00fd MTB poh\u00e1r. Pomalu se d\u00e1 hovo\u0159it o tradici, \u017ee \u00favodn\u00ed z\u00e1vod Pra\u017esk\u00e9ho MTB poh\u00e1ru je z\u00e1rove\u0148 zahajovac\u00edm z\u00e1vodem tuzemsk\u00e9 XCO sez\u00f3ny. Je jist\u00e9, \u017ee atraktivn\u00ed zli\u010d\u00ednsk\u00fd okruh bude praskat ve \u0161vech, start na \u00favodn\u00edm z\u00e1vod\u011b pl\u00e1nuj\u00ed bikov\u00e9 t\u00fdmy u\u017e dlouho dop\u0159edu a \u00fa\u010dast na z\u00e1vod\u011b p\u0159isl\u00edbili i na\u0161i nejlep\u0161\u00ed bike\u0159i a bikerky. Ve v\u0161ech kategori\u00edch se tedy m\u00e1me na co t\u011b\u0161it.<\/p>\n<p>&#8222;Okruh se oproti lo\u0148sk\u00e9mu fin\u00e1lov\u00e9mu z\u00e1vodu nijak z\u00e1sadn\u011b nezm\u011bnil&#8220; \u0159\u00edk\u00e1 Martin Jarou\u0161, \u0161\u00e9f zli\u010d\u00ednsk\u00e9ho z\u00e1vodu a dod\u00e1v\u00e1 &#8222;jen se upravilo p\u00e1r technick\u00fdch sekc\u00ed, jako jsou nap\u0159\u00edklad Velbloud\u00ed hrby.<\/p>\n<p>Zde se ud\u011blal bezpe\u010dn\u00fd skok a samoz\u0159ejm\u011b chicken way kter\u00e1 p\u0159ipom\u00edn\u00e1 pevnost. Dal\u0161\u00ed na \u010dem se zapracovalo je sekce Ko\u0159enoff, kde n\u00e1m zako\u0159enil dal\u0161\u00ed p\u0159\u00edr\u016fstek. Jinak se na okruhu prov\u00e1d\u011bj\u00ed kosmetick\u00e9 \u00fapravy v singelch a klopenk\u00e1ch pro hrav\u011bj\u0161\u00ed styl j\u00edzdy&#8220;.<\/p>\n<p>U\u017e te\u010f je 4 EVER CALABRONE BIKE PARK je p\u0159ipraven\u00fd a otev\u0159en\u00fd k tr\u00e9ninku, tak p\u0159ije\u010fte jezdit a potr\u00e9novat!<\/p>\n<p><a href=\"https:\/\/prahamtb.cz\/wp-content\/uploads\/2016\/02\/IMG_1314.jpg\" rel=\"lightbox\"><img decoding=\"async\" loading=\"lazy\" class=\"alignnone size-medium wp-image-4187\" src=\"https:\/\/prahamtb.cz\/wp-content\/uploads\/2016\/02\/IMG_1314-600x450.jpg\" alt=\"IMG_1314\" width=\"600\" height=\"450\" srcset=\"https:\/\/prahamtb.cz\/wp-content\/uploads\/2016\/02\/IMG_1314-600x450.jpg 600w, https:\/\/prahamtb.cz\/wp-content\/uploads\/2016\/02\/IMG_1314-1024x768.jpg 1024w, https:\/\/prahamtb.cz\/wp-content\/uploads\/2016\/02\/IMG_1314-624x467.jpg 624w\" sizes=\"(max-width: 600px) 100vw, 600px\" \/><\/a><\/p>\n<p><a href=\"https:\/\/prahamtb.cz\/wp-content\/uploads\/2016\/02\/IMG_1318.jpg\" rel=\"lightbox\"><img decoding=\"async\" loading=\"lazy\" class=\"alignnone size-medium wp-image-4188\" src=\"https:\/\/prahamtb.cz\/wp-content\/uploads\/2016\/02\/IMG_1318-450x600.jpg\" alt=\"IMG_1318\" width=\"450\" height=\"600\" srcset=\"https:\/\/prahamtb.cz\/wp-content\/uploads\/2016\/02\/IMG_1318-450x600.jpg 450w, https:\/\/prahamtb.cz\/wp-content\/uploads\/2016\/02\/IMG_1318-768x1024.jpg 768w, https:\/\/prahamtb.cz\/wp-content\/uploads\/2016\/02\/IMG_1318-624x832.jpg 624w\" sizes=\"(max-width: 450px) 100vw, 450px\" \/><\/a><\/p>\n<p><a href=\"https:\/\/prahamtb.cz\/wp-content\/uploads\/2016\/02\/1916964_1030753210324384_7986406051528925331_n.jpg\" rel=\"lightbox\"><img decoding=\"async\" loading=\"lazy\" class=\"alignnone size-medium wp-image-4189\" src=\"https:\/\/prahamtb.cz\/wp-content\/uploads\/2016\/02\/1916964_1030753210324384_7986406051528925331_n-600x337.jpg\" alt=\"1916964_1030753210324384_7986406051528925331_n\" width=\"600\" height=\"337\" srcset=\"https:\/\/prahamtb.cz\/wp-content\/uploads\/2016\/02\/1916964_1030753210324384_7986406051528925331_n-600x337.jpg 600w, https:\/\/prahamtb.cz\/wp-content\/uploads\/2016\/02\/1916964_1030753210324384_7986406051528925331_n-624x351.jpg 624w, https:\/\/prahamtb.cz\/wp-content\/uploads\/2016\/02\/1916964_1030753210324384_7986406051528925331_n.jpg 960w\" sizes=\"(max-width: 600px) 100vw, 600px\" \/><\/a><\/p>\n","protected":false},"excerpt":{"rendered":"<a href=\"https:\/\/prahamtb.cz\/?p=4186\"><img width=\"150\" src=\"\" class=\"alignleft wp-post-image tfe\" alt=\"\" title=\"\" \/><\/a><p>V sobotu 26. b\u0159ezna startuje sv\u00fdm prvn\u00edm z\u00e1vodem na Zli\u010d\u00edn\u011b popul\u00e1rn\u00ed Pra\u017esk\u00fd MTB poh\u00e1r. Pomalu se d\u00e1 hovo\u0159it o tradici, \u017ee \u00favodn\u00ed z\u00e1vod Pra\u017esk\u00e9ho MTB poh\u00e1ru je z\u00e1rove\u0148 zahajovac\u00edm z\u00e1vodem tuzemsk\u00e9 XCO sez\u00f3ny. Je jist\u00e9, \u017ee atraktivn\u00ed zli\u010d\u00ednsk\u00fd okruh bude praskat ve \u0161vech, start na \u00favodn\u00edm z\u00e1vod\u011b pl\u00e1nuj\u00ed bikov\u00e9 t\u00fdmy u\u017e dlouho dop\u0159edu a \u00fa\u010dast [&hellip;]<\/p>\n","protected":false},"author":1,"featured_media":0,"comment_status":"closed","ping_status":"open","sticky":false,"template":"","format":"standard","meta":[],"categories":[1],"tags":[],"_links":{"self":[{"href":"https:\/\/prahamtb.cz\/index.php?rest_route=\/wp\/v2\/posts\/4186"}],"collection":[{"href":"https:\/\/prahamtb.cz\/index.php?rest_route=\/wp\/v2\/posts"}],"about":[{"href":"https:\/\/prahamtb.cz\/index.php?rest_route=\/wp\/v2\/types\/post"}],"author":[{"embeddable":true,"href":"https:\/\/prahamtb.cz\/index.php?rest_route=\/wp\/v2\/users\/1"}],"replies":[{"embeddable":true,"href":"https:\/\/prahamtb.cz\/index.php?rest_route=%2Fwp%2Fv2%2Fcomments&post=4186"}],"version-history":[{"count":1,"href":"https:\/\/prahamtb.cz\/index.php?rest_route=\/wp\/v2\/posts\/4186\/revisions"}],"predecessor-version":[{"id":4190,"href":"https:\/\/prahamtb.cz\/index.php?rest_route=\/wp\/v2\/posts\/4186\/revisions\/4190"}],"wp:attachment":[{"href":"https:\/\/prahamtb.cz\/index.php?rest_route=%2Fwp%2Fv2%2Fmedia&parent=4186"}],"wp:term":[{"taxonomy":"category","embeddable":true,"href":"https:\/\/prahamtb.cz\/index.php?rest_route=%2Fwp%2Fv2%2Fcategories&post=4186"},{"taxonomy":"post_tag","embeddable":true,"href":"https:\/\/prahamtb.cz\/index.php?rest_route=%2Fwp%2Fv2%2Ftags&post=4186"}],"curies":[{"name":"wp","href":"https:\/\/api.w.org\/{rel}","templated":true}]}}