{"id":4184,"date":"2016-02-15T06:23:13","date_gmt":"2016-02-15T06:23:13","guid":{"rendered":"http:\/\/prahamtb.cz\/?p=4184"},"modified":"2016-02-15T06:23:13","modified_gmt":"2016-02-15T06:23:13","slug":"fotograf-ceske-reprezentace-michal-cerveny-je-ve-finale-o-fotku-roku","status":"publish","type":"post","link":"https:\/\/prahamtb.cz\/?p=4184","title":{"rendered":"Fotograf \u010desk\u00e9 reprezentace Michal \u010cerven\u00fd je ve fin\u00e1le o fotku roku!"},"content":{"rendered":"<p>Jeden z\u00a0nejrespektovan\u011bj\u0161\u00edch sportovn\u00edch fotograf\u016f sou\u010dasnosti, Michal \u010cerven\u00fd je ve fin\u00e1le presti\u017en\u00ed sout\u011b\u017ee Pinkbike Photo of year.<\/p>\n<p>Z\u00a0tis\u00edc\u016f do\u0161l\u00fdch fotografi\u00ed se Michalova fotografie dostala a\u017e do neju\u017e\u0161\u00edho, 32 \u010dlenn\u00e9ho fin\u00e1le. A\u017e doposud sn\u00edmky vyb\u00edrala odborn\u00e1 porota, nyn\u00ed ur\u010d\u00ed v\u00edt\u011bze sout\u011b\u017ee, jednoho ze sv\u011btov\u011b nejsledovan\u011bj\u0161\u00edch cyklistick\u00fdch server\u016f Pinkbike.com, sami \u010dten\u00e1\u0159i.<\/p>\n<p>Michal \u010cerven\u00fd fot\u00ed mimo jin\u00e9 i reprezenta\u010dn\u00ed t\u00fdm horsk\u00fdch kol a reprezenta\u010dn\u00ed t\u00fdm handicapovan\u00fdch cyklist\u016f \u010cesk\u00e9 republiky, Olympijsk\u00e9ho v\u00edt\u011bze Jaroslava Kulhav\u00e9ho, t\u00fdmy Specialized Racing a Nutrend Specialized Racing. \u00dasp\u011b\u0161n\u011b zachytil lond\u00fdnsk\u00e9 medailisty, Jaroslava Kulhav\u00e9ho, Ji\u0159\u00edho Je\u017eka a Terezu Diepoldovou a za kolekci fotografi\u00ed ze silni\u010dn\u00edho mistrovstv\u00ed sv\u011bta handicapovan\u00fdch cyklist\u016f obdr\u017eel ocen\u011bn\u00ed Press Photo \u00a0Award.<\/p>\n<p>Mezi nejzn\u00e1m\u011bj\u0161\u00ed fotografie Michala \u010cerven\u00e9ho pat\u0159\u00ed emotivn\u00ed fotografie Jaroslava Kulhav\u00e9ho a Ji\u0159\u00edho Je\u017eka z\u00a0lond\u00fdnsk\u00fdch olympijsk\u00fdch a paralympijsk\u00fdch her.<\/p>\n<p><a href=\"http:\/\/www.skcpraha.cz\/wp-content\/uploads\/2016\/02\/michal-cerveny_cena.jpg\" rel=\"lightbox\"><img decoding=\"async\" loading=\"lazy\" class=\"alignnone size-full wp-image-3288\" src=\"http:\/\/www.skcpraha.cz\/wp-content\/uploads\/2016\/02\/michal-cerveny_cena.jpg\" alt=\"michal cerveny_cena\" width=\"955\" height=\"639\" \/><\/a>\u00a0<a href=\"http:\/\/www.skcpraha.cz\/wp-content\/uploads\/2016\/02\/2009-Afrika-034.jpg\" rel=\"lightbox\"><img decoding=\"async\" loading=\"lazy\" class=\"alignnone size-full wp-image-3289\" src=\"http:\/\/www.skcpraha.cz\/wp-content\/uploads\/2016\/02\/2009-Afrika-034.jpg\" alt=\"OLYMPUS DIGITAL CAMERA\" width=\"2048\" height=\"1536\" \/><\/a><\/p>\n","protected":false},"excerpt":{"rendered":"<a href=\"https:\/\/prahamtb.cz\/?p=4184\"><img width=\"150\" src=\"\" class=\"alignleft wp-post-image tfe\" alt=\"\" title=\"\" \/><\/a><p>Jeden z\u00a0nejrespektovan\u011bj\u0161\u00edch sportovn\u00edch fotograf\u016f sou\u010dasnosti, Michal \u010cerven\u00fd je ve fin\u00e1le presti\u017en\u00ed sout\u011b\u017ee Pinkbike Photo of year. Z\u00a0tis\u00edc\u016f do\u0161l\u00fdch fotografi\u00ed se Michalova fotografie dostala a\u017e do neju\u017e\u0161\u00edho, 32 \u010dlenn\u00e9ho fin\u00e1le. A\u017e doposud sn\u00edmky vyb\u00edrala odborn\u00e1 porota, nyn\u00ed ur\u010d\u00ed v\u00edt\u011bze sout\u011b\u017ee, jednoho ze sv\u011btov\u011b nejsledovan\u011bj\u0161\u00edch cyklistick\u00fdch server\u016f Pinkbike.com, sami \u010dten\u00e1\u0159i. Michal \u010cerven\u00fd fot\u00ed mimo jin\u00e9 i reprezenta\u010dn\u00ed [&hellip;]<\/p>\n","protected":false},"author":1,"featured_media":0,"comment_status":"closed","ping_status":"open","sticky":false,"template":"","format":"standard","meta":[],"categories":[1],"tags":[],"_links":{"self":[{"href":"https:\/\/prahamtb.cz\/index.php?rest_route=\/wp\/v2\/posts\/4184"}],"collection":[{"href":"https:\/\/prahamtb.cz\/index.php?rest_route=\/wp\/v2\/posts"}],"about":[{"href":"https:\/\/prahamtb.cz\/index.php?rest_route=\/wp\/v2\/types\/post"}],"author":[{"embeddable":true,"href":"https:\/\/prahamtb.cz\/index.php?rest_route=\/wp\/v2\/users\/1"}],"replies":[{"embeddable":true,"href":"https:\/\/prahamtb.cz\/index.php?rest_route=%2Fwp%2Fv2%2Fcomments&post=4184"}],"version-history":[{"count":1,"href":"https:\/\/prahamtb.cz\/index.php?rest_route=\/wp\/v2\/posts\/4184\/revisions"}],"predecessor-version":[{"id":4185,"href":"https:\/\/prahamtb.cz\/index.php?rest_route=\/wp\/v2\/posts\/4184\/revisions\/4185"}],"wp:attachment":[{"href":"https:\/\/prahamtb.cz\/index.php?rest_route=%2Fwp%2Fv2%2Fmedia&parent=4184"}],"wp:term":[{"taxonomy":"category","embeddable":true,"href":"https:\/\/prahamtb.cz\/index.php?rest_route=%2Fwp%2Fv2%2Fcategories&post=4184"},{"taxonomy":"post_tag","embeddable":true,"href":"https:\/\/prahamtb.cz\/index.php?rest_route=%2Fwp%2Fv2%2Ftags&post=4184"}],"curies":[{"name":"wp","href":"https:\/\/api.w.org\/{rel}","templated":true}]}}