{"id":4182,"date":"2016-02-13T23:18:48","date_gmt":"2016-02-13T23:18:48","guid":{"rendered":"http:\/\/prahamtb.cz\/?p=4182"},"modified":"2016-02-13T23:18:48","modified_gmt":"2016-02-13T23:18:48","slug":"jaroslav-kulhavy-se-pripravuje-na-kanarskych-ostrovech","status":"publish","type":"post","link":"https:\/\/prahamtb.cz\/?p=4182","title":{"rendered":"Jaroslav Kulhav\u00fd se p\u0159ipravuje na Kan\u00e1rsk\u00fdch ostrovech"},"content":{"rendered":"<p>V po\u0159ad\u00ed u\u017e t\u0159et\u00ed p\u0159\u00edpravn\u00fd kepm absolvuje olympijsk\u00fd v\u00edt\u011bz Jaroslav Kulhav\u00fd v tepl\u00e9m klimatu Kan\u00e1rsk\u00fdch ostrov\u016f.<\/p>\n<p>Cel\u00e1 leto\u0161n\u00ed p\u0159\u00edprava Jaroslava Kulhav\u00e9ho sm\u011b\u0159uje k olympijsk\u00fdm hr\u00e1m v Rio de Janeiru.Dosavadn\u00ed p\u0159\u00edprava na\u0161eho nej\u00fasp\u011b\u0161n\u011bj\u0161\u00edho bikera prob\u00edh\u00e1 bez probl\u00e9m\u016f a podle zpr\u00e1v ze z\u00e1kulis\u00ed je Jaroslav ve vynikaj\u00edc\u00ed kondici<\/p>\n<p><a href=\"http:\/\/www.duklacycling.cz\/wp-content\/uploads\/2016\/02\/image-d5fe208e04243767d1912b65b2b7fdd93cec0acd50919c3dde1f28974f67433b-V.jpg\" rel=\"attachment wp-att-277\"><img decoding=\"async\" loading=\"lazy\" class=\"aligncenter size-full wp-image-277\" src=\"http:\/\/www.duklacycling.cz\/wp-content\/uploads\/2016\/02\/image-d5fe208e04243767d1912b65b2b7fdd93cec0acd50919c3dde1f28974f67433b-V.jpg\" alt=\"image-d5fe208e04243767d1912b65b2b7fdd93cec0acd50919c3dde1f28974f67433b-V\" width=\"720\" height=\"1280\" \/><\/a><\/p>\n<p>&nbsp;<\/p>\n","protected":false},"excerpt":{"rendered":"<a href=\"https:\/\/prahamtb.cz\/?p=4182\"><img width=\"150\" src=\"\" class=\"alignleft wp-post-image tfe\" alt=\"\" title=\"\" \/><\/a><p>V po\u0159ad\u00ed u\u017e t\u0159et\u00ed p\u0159\u00edpravn\u00fd kepm absolvuje olympijsk\u00fd v\u00edt\u011bz Jaroslav Kulhav\u00fd v tepl\u00e9m klimatu Kan\u00e1rsk\u00fdch ostrov\u016f. Cel\u00e1 leto\u0161n\u00ed p\u0159\u00edprava Jaroslava Kulhav\u00e9ho sm\u011b\u0159uje k olympijsk\u00fdm hr\u00e1m v Rio de Janeiru.Dosavadn\u00ed p\u0159\u00edprava na\u0161eho nej\u00fasp\u011b\u0161n\u011bj\u0161\u00edho bikera prob\u00edh\u00e1 bez probl\u00e9m\u016f a podle zpr\u00e1v ze z\u00e1kulis\u00ed je Jaroslav ve vynikaj\u00edc\u00ed kondici &nbsp;<\/p>\n","protected":false},"author":1,"featured_media":0,"comment_status":"closed","ping_status":"open","sticky":false,"template":"","format":"standard","meta":[],"categories":[1],"tags":[],"_links":{"self":[{"href":"https:\/\/prahamtb.cz\/index.php?rest_route=\/wp\/v2\/posts\/4182"}],"collection":[{"href":"https:\/\/prahamtb.cz\/index.php?rest_route=\/wp\/v2\/posts"}],"about":[{"href":"https:\/\/prahamtb.cz\/index.php?rest_route=\/wp\/v2\/types\/post"}],"author":[{"embeddable":true,"href":"https:\/\/prahamtb.cz\/index.php?rest_route=\/wp\/v2\/users\/1"}],"replies":[{"embeddable":true,"href":"https:\/\/prahamtb.cz\/index.php?rest_route=%2Fwp%2Fv2%2Fcomments&post=4182"}],"version-history":[{"count":1,"href":"https:\/\/prahamtb.cz\/index.php?rest_route=\/wp\/v2\/posts\/4182\/revisions"}],"predecessor-version":[{"id":4183,"href":"https:\/\/prahamtb.cz\/index.php?rest_route=\/wp\/v2\/posts\/4182\/revisions\/4183"}],"wp:attachment":[{"href":"https:\/\/prahamtb.cz\/index.php?rest_route=%2Fwp%2Fv2%2Fmedia&parent=4182"}],"wp:term":[{"taxonomy":"category","embeddable":true,"href":"https:\/\/prahamtb.cz\/index.php?rest_route=%2Fwp%2Fv2%2Fcategories&post=4182"},{"taxonomy":"post_tag","embeddable":true,"href":"https:\/\/prahamtb.cz\/index.php?rest_route=%2Fwp%2Fv2%2Ftags&post=4182"}],"curies":[{"name":"wp","href":"https:\/\/api.w.org\/{rel}","templated":true}]}}