{"id":3519,"date":"2015-09-09T18:10:52","date_gmt":"2015-09-09T18:10:52","guid":{"rendered":"http:\/\/prahamtb.cz\/?p=3519"},"modified":"2015-09-09T18:16:20","modified_gmt":"2015-09-09T18:16:20","slug":"dva-zavody-v-zari-rozhodnou-o-celkovych-vitezich-prazskeho-mtb-poharu-2015","status":"publish","type":"post","link":"https:\/\/prahamtb.cz\/?p=3519","title":{"rendered":"Dva z\u00e1vody v z\u00e1\u0159\u00ed rozhodnou o celkov\u00fdch v\u00edt\u011bz\u00edch Pra\u017esk\u00e9ho MTB poh\u00e1ru 2015"},"content":{"rendered":"<p><a href=\"https:\/\/prahamtb.cz\/wp-content\/uploads\/2015\/09\/PMTB_Zlicin-125.jpg\" rel=\"lightbox\"><img decoding=\"async\" loading=\"lazy\" class=\"alignnone size-medium wp-image-3520\" src=\"https:\/\/prahamtb.cz\/wp-content\/uploads\/2015\/09\/PMTB_Zlicin-125-600x405.jpg\" alt=\"PMTB_Zlicin 125\" width=\"600\" height=\"405\" srcset=\"https:\/\/prahamtb.cz\/wp-content\/uploads\/2015\/09\/PMTB_Zlicin-125-600x405.jpg 600w, https:\/\/prahamtb.cz\/wp-content\/uploads\/2015\/09\/PMTB_Zlicin-125-1024x691.jpg 1024w, https:\/\/prahamtb.cz\/wp-content\/uploads\/2015\/09\/PMTB_Zlicin-125-624x421.jpg 624w\" sizes=\"(max-width: 600px) 100vw, 600px\" \/><\/a><\/p>\n<p>Dva p\u0159ipravovan\u00e9 z\u00e1vody v\u00a0Libu\u0161i a na Zli\u010d\u00edn\u011b rozhodnou o celkov\u00fdch v\u00edt\u011bz\u00edch Pra\u017esk\u00e9ho MTB poh\u00e1ru 2015.<\/p>\n<p>Seri\u00e1l z\u00e1vod\u016f horsk\u00fdch kol v\u00a0olympijsk\u00e9m cross country pro v\u0161echny v\u011bkov\u00e9 i v\u00fdkonnostn\u00ed kategorie v\u010detn\u011b handicapovan\u00fdch cyklist\u016f v\u00a0tomto roce zaznamenal neb\u00fdval\u00fd z\u00e1jem \u00fa\u010dastn\u00edk\u016f a dosavadn\u00ed z\u00e1vody na Zli\u010d\u00edn\u011b, v\u00a0\u0158ep\u00edch a ve Kbel\u00edch se poka\u017ed\u00e9 py\u0161nily nov\u00fdm rekordem v\u00a0po\u010dtu startuj\u00edc\u00edch, kter\u00fd vypov\u00edd\u00e1 o popularit\u011b seri\u00e1lu a zisk tradi\u010dn\u00edho poh\u00e1ru, jeho\u017e z\u00e1kladem je klasick\u00e1 pra\u017esk\u00e1 \u017eulov\u00e1 kostka se tak st\u00e1v\u00e1 presti\u017en\u00ed a cen\u011bnou z\u00e1le\u017eitost\u00ed.<\/p>\n<p>Velmi vyrovnan\u00e9 pr\u016fb\u011b\u017en\u00e9 po\u0159ad\u00ed z\u00e1vodn\u00edk\u016f v\u011bt\u0161iny kategori\u00ed slibuje boje o celkov\u00e9 v\u00edt\u011bzstv\u00ed do posledn\u00edho z\u00e1vodu a to sam\u00e9 plat\u00ed tak\u00e9 pro sout\u011b\u017e t\u00fdm\u016f. Z\u00e1vod v\u00a0Libu\u0161i se uskute\u010dn\u00ed v\u00a0ned\u011bli 13. z\u00e1\u0159\u00ed na obl\u00edben\u00e9m, okruhu, kter\u00e9mu nechyb\u00ed prudk\u00e1 stoup\u00e1n\u00ed, sjezdy, technick\u00e9 pas\u00e1\u017ee ani rychl\u00e9 rovinat\u00e9 \u00faseky. Po\u0159adatelem libu\u0161sk\u00e9ho z\u00e1vodu je pra\u017esk\u00fd klub SK Velo.<\/p>\n<p>Zaj\u00edmavost\u00ed je, \u017ee z\u00e1vod v\u00a0Libu\u0161i bude z\u00e1rove\u0148 Mistrovstv\u00edm Prahy pro ml\u00e1de\u017enick\u00e9 kategorie, co\u017e je vzhledem k\u00a0po\u010detn\u00e9 pra\u017esk\u00e9 bikov\u00e9 komunit\u011b trofej velmi cen\u011bn\u00e1.<\/p>\n<p>Fin\u00e1lov\u00fd z\u00e1vod na Zli\u010d\u00edn\u011b, jeho\u017e po\u0159adatelem je CK Calabrone p\u0159iv\u00edt\u00e1 bikery v\u00a0Bike Parku Zli\u010d\u00edn o t\u00fdden pozd\u011bji, v\u00a0ned\u011bli 20. z\u00e1\u0159\u00ed. Perfektn\u011b p\u0159ipraven\u00fd Bike park Zli\u010d\u00edn bude pro mnoho biker\u016f rozlou\u010den\u00edm s\u00a0\u00fasp\u011b\u0161nou sez\u00f3nou cross country. Mimo p\u0159ed\u00e1n\u00ed ji\u017e zm\u00edn\u011bn\u00fdch tradi\u010dn\u00edch pra\u017esk\u00fdch poh\u00e1r\u016f a hodnotn\u00fdch cen od spole\u010dnosti Nutrend, prob\u011bhne na Zli\u010d\u00edn\u011b tak\u00e9 losov\u00e1n\u00ed v\u00fdherc\u016f atraktivn\u00edch cen. V\u0161echny ceny, kter\u00fdm bude, podobn\u011b jako v\u00a0minul\u00e9m roce, dominovat kvalitn\u00ed horsk\u00e9 kolo, v\u011bnovala do tomboly firma Specialized.<\/p>\n<p>Seri\u00e1l z\u00e1vod\u016f Pra\u017esk\u00fd MTB poh\u00e1r byl zalo\u017een v\u00a0roce 2013 jako lok\u00e1ln\u00ed pra\u017esk\u00e1 sout\u011b\u017e, ale velmi rychle si z\u00edskal celorepublikov\u00fd z\u00e1jem biker\u016f. Pro sv\u00e9 zam\u011b\u0159en\u00ed na v\u0161echny v\u011bkov\u00e9 i v\u00fdkonnostn\u00ed skupiny cyklist\u016f v\u010detn\u011b handicapovan\u00fdch jezdc\u016f a pro vysokou n\u00e1v\u0161t\u011bvnost byl Pra\u017esk\u00fd MTB poh\u00e1r za\u0159azen do projektu \u010cesk\u00e9 unie sportu \u2013 Sportuj s\u00a0n\u00e1mi.<\/p>\n<p>Patronem Pra\u017esk\u00e9ho MTB poh\u00e1ru je nej\u00fasp\u011b\u0161n\u011bj\u0161\u00ed handicapovan\u00fd cyklista sv\u011bta, \u0161estin\u00e1sobn\u00fd paralympijsk\u00fd v\u00edt\u011bz Ji\u0159\u00ed Je\u017eek.<\/p>\n<p>Propozice, fotografie, pr\u016fb\u011b\u017en\u00e9 po\u0159ad\u00ed a dal\u0161\u00ed informace na <a href=\"http:\/\/www.prahamtb.cz\">www.prahamtb.cz<\/a> a <a href=\"http:\/\/www.skcpraha.cz\">www.skcpraha.cz<\/a><\/p>\n<p><a href=\"https:\/\/prahamtb.cz\/wp-content\/uploads\/2015\/09\/IMG_0554.jpg\" rel=\"lightbox\"><img decoding=\"async\" loading=\"lazy\" class=\"alignnone size-medium wp-image-3523\" src=\"https:\/\/prahamtb.cz\/wp-content\/uploads\/2015\/09\/IMG_0554-600x399.jpg\" alt=\"IMG_0554\" width=\"600\" height=\"399\" srcset=\"https:\/\/prahamtb.cz\/wp-content\/uploads\/2015\/09\/IMG_0554-600x399.jpg 600w, https:\/\/prahamtb.cz\/wp-content\/uploads\/2015\/09\/IMG_0554-1024x682.jpg 1024w, https:\/\/prahamtb.cz\/wp-content\/uploads\/2015\/09\/IMG_0554-624x415.jpg 624w, https:\/\/prahamtb.cz\/wp-content\/uploads\/2015\/09\/IMG_0554.jpg 2000w\" sizes=\"(max-width: 600px) 100vw, 600px\" \/><\/a><\/p>\n","protected":false},"excerpt":{"rendered":"<a href=\"https:\/\/prahamtb.cz\/?p=3519\"><img width=\"150\" src=\"\" class=\"alignleft wp-post-image tfe\" alt=\"\" title=\"\" \/><\/a><p>Dva p\u0159ipravovan\u00e9 z\u00e1vody v\u00a0Libu\u0161i a na Zli\u010d\u00edn\u011b rozhodnou o celkov\u00fdch v\u00edt\u011bz\u00edch Pra\u017esk\u00e9ho MTB poh\u00e1ru 2015. Seri\u00e1l z\u00e1vod\u016f horsk\u00fdch kol v\u00a0olympijsk\u00e9m cross country pro v\u0161echny v\u011bkov\u00e9 i v\u00fdkonnostn\u00ed kategorie v\u010detn\u011b handicapovan\u00fdch cyklist\u016f v\u00a0tomto roce zaznamenal neb\u00fdval\u00fd z\u00e1jem \u00fa\u010dastn\u00edk\u016f a dosavadn\u00ed z\u00e1vody na Zli\u010d\u00edn\u011b, v\u00a0\u0158ep\u00edch a ve Kbel\u00edch se poka\u017ed\u00e9 py\u0161nily nov\u00fdm rekordem v\u00a0po\u010dtu startuj\u00edc\u00edch, kter\u00fd vypov\u00edd\u00e1 [&hellip;]<\/p>\n","protected":false},"author":1,"featured_media":0,"comment_status":"closed","ping_status":"open","sticky":false,"template":"","format":"standard","meta":[],"categories":[1],"tags":[],"_links":{"self":[{"href":"https:\/\/prahamtb.cz\/index.php?rest_route=\/wp\/v2\/posts\/3519"}],"collection":[{"href":"https:\/\/prahamtb.cz\/index.php?rest_route=\/wp\/v2\/posts"}],"about":[{"href":"https:\/\/prahamtb.cz\/index.php?rest_route=\/wp\/v2\/types\/post"}],"author":[{"embeddable":true,"href":"https:\/\/prahamtb.cz\/index.php?rest_route=\/wp\/v2\/users\/1"}],"replies":[{"embeddable":true,"href":"https:\/\/prahamtb.cz\/index.php?rest_route=%2Fwp%2Fv2%2Fcomments&post=3519"}],"version-history":[{"count":3,"href":"https:\/\/prahamtb.cz\/index.php?rest_route=\/wp\/v2\/posts\/3519\/revisions"}],"predecessor-version":[{"id":3524,"href":"https:\/\/prahamtb.cz\/index.php?rest_route=\/wp\/v2\/posts\/3519\/revisions\/3524"}],"wp:attachment":[{"href":"https:\/\/prahamtb.cz\/index.php?rest_route=%2Fwp%2Fv2%2Fmedia&parent=3519"}],"wp:term":[{"taxonomy":"category","embeddable":true,"href":"https:\/\/prahamtb.cz\/index.php?rest_route=%2Fwp%2Fv2%2Fcategories&post=3519"},{"taxonomy":"post_tag","embeddable":true,"href":"https:\/\/prahamtb.cz\/index.php?rest_route=%2Fwp%2Fv2%2Ftags&post=3519"}],"curies":[{"name":"wp","href":"https:\/\/api.w.org\/{rel}","templated":true}]}}