{"id":3516,"date":"2015-09-06T10:15:32","date_gmt":"2015-09-06T10:15:32","guid":{"rendered":"http:\/\/prahamtb.cz\/?p=3516"},"modified":"2015-09-06T10:15:32","modified_gmt":"2015-09-06T10:15:32","slug":"libus-jiz-za-tyden-uvita-ctvrte-kolo-prazskeho-mtb-poharu","status":"publish","type":"post","link":"https:\/\/prahamtb.cz\/?p=3516","title":{"rendered":"Libu\u0161 ji\u017e za t\u00fdden uv\u00edt\u00e1 \u010dtvrt\u00e9 kolo Pra\u017esk\u00e9ho MTB poh\u00e1ru"},"content":{"rendered":"<p>V ned\u011bli 13.9.2015 prob\u011bhne v pra\u017esk\u00e9 Libu\u0161i dal\u0161\u00ed ji\u017e \u010dtvrt\u00e9 kolo Pra\u017esk\u00e9ho MTB poh\u00e1ru. I zde budou z\u00e1vodn\u00edci bojovat o body d\u016fle\u017eit\u00e9 po celkov\u00e9 hodnocen\u00ed poh\u00e1ru.<\/p>\n<p>Stejn\u011b jako v p\u0159edchoz\u00edch kolech se z\u00e1vod\u00ed od 10:00, kdy zah\u00e1j\u00ed program nejmlad\u0161\u00ed \u00fa\u010dastn\u00edci na odr\u00e1\u017eedlech, n\u00e1sleduj\u00ed kategorie d\u011bt\u00ed od 3 a\u017e do deseti let ve sv\u00fdch samostatn\u00fdch z\u00e1vodech. Nemalou \u00fa\u010dast slibuje i startovn\u00ed listina i v dal\u0161\u00edch kategori\u00edch &#8211; od \u017e\u00e1k\u016f a\u017e po kategorie Masters.<\/p>\n<p>P\u0159ihl\u00e1sit do \u010dtvrt\u00e9ho kola se m\u016f\u017eete <a href=\"https:\/\/prahamtb.cz\/?page_id=18\">ZDE<\/a><br \/>\nPropozice a dal\u0161\u00ed rozpisy naleznete <a href=\"https:\/\/prahamtb.cz\/?page_id=12\">ZDE<\/a><\/p>\n<p>Tak nev\u00e1hejte a p\u0159\u00edj\u010fte si p\u0159\u00ed\u0161t\u00ed ned\u011bli zaz\u00e1vodit!!!<\/p>\n<p><a href=\"https:\/\/prahamtb.cz\/wp-content\/uploads\/2015\/09\/Libu\u0161_d\u011btsk\u00fd-okruh.jpg\" rel=\"lightbox\"><img decoding=\"async\" loading=\"lazy\" class=\"alignnone size-medium wp-image-3517\" src=\"https:\/\/prahamtb.cz\/wp-content\/uploads\/2015\/09\/Libu\u0161_d\u011btsk\u00fd-okruh-600x588.jpg\" alt=\"Libu\u0161_d\u011btsk\u00fd okruh\" width=\"600\" height=\"588\" srcset=\"https:\/\/prahamtb.cz\/wp-content\/uploads\/2015\/09\/Libu\u0161_d\u011btsk\u00fd-okruh-600x588.jpg 600w, https:\/\/prahamtb.cz\/wp-content\/uploads\/2015\/09\/Libu\u0161_d\u011btsk\u00fd-okruh-1024x1004.jpg 1024w, https:\/\/prahamtb.cz\/wp-content\/uploads\/2015\/09\/Libu\u0161_d\u011btsk\u00fd-okruh-624x612.jpg 624w\" sizes=\"(max-width: 600px) 100vw, 600px\" \/><\/a><\/p>\n","protected":false},"excerpt":{"rendered":"<a href=\"https:\/\/prahamtb.cz\/?p=3516\"><img width=\"150\" src=\"\" class=\"alignleft wp-post-image tfe\" alt=\"\" title=\"\" \/><\/a><p>V ned\u011bli 13.9.2015 prob\u011bhne v pra\u017esk\u00e9 Libu\u0161i dal\u0161\u00ed ji\u017e \u010dtvrt\u00e9 kolo Pra\u017esk\u00e9ho MTB poh\u00e1ru. I zde budou z\u00e1vodn\u00edci bojovat o body d\u016fle\u017eit\u00e9 po celkov\u00e9 hodnocen\u00ed poh\u00e1ru. Stejn\u011b jako v p\u0159edchoz\u00edch kolech se z\u00e1vod\u00ed od 10:00, kdy zah\u00e1j\u00ed program nejmlad\u0161\u00ed \u00fa\u010dastn\u00edci na odr\u00e1\u017eedlech, n\u00e1sleduj\u00ed kategorie d\u011bt\u00ed od 3 a\u017e do deseti let ve sv\u00fdch samostatn\u00fdch z\u00e1vodech. [&hellip;]<\/p>\n","protected":false},"author":1,"featured_media":0,"comment_status":"closed","ping_status":"open","sticky":false,"template":"","format":"standard","meta":[],"categories":[1],"tags":[],"_links":{"self":[{"href":"https:\/\/prahamtb.cz\/index.php?rest_route=\/wp\/v2\/posts\/3516"}],"collection":[{"href":"https:\/\/prahamtb.cz\/index.php?rest_route=\/wp\/v2\/posts"}],"about":[{"href":"https:\/\/prahamtb.cz\/index.php?rest_route=\/wp\/v2\/types\/post"}],"author":[{"embeddable":true,"href":"https:\/\/prahamtb.cz\/index.php?rest_route=\/wp\/v2\/users\/1"}],"replies":[{"embeddable":true,"href":"https:\/\/prahamtb.cz\/index.php?rest_route=%2Fwp%2Fv2%2Fcomments&post=3516"}],"version-history":[{"count":1,"href":"https:\/\/prahamtb.cz\/index.php?rest_route=\/wp\/v2\/posts\/3516\/revisions"}],"predecessor-version":[{"id":3518,"href":"https:\/\/prahamtb.cz\/index.php?rest_route=\/wp\/v2\/posts\/3516\/revisions\/3518"}],"wp:attachment":[{"href":"https:\/\/prahamtb.cz\/index.php?rest_route=%2Fwp%2Fv2%2Fmedia&parent=3516"}],"wp:term":[{"taxonomy":"category","embeddable":true,"href":"https:\/\/prahamtb.cz\/index.php?rest_route=%2Fwp%2Fv2%2Fcategories&post=3516"},{"taxonomy":"post_tag","embeddable":true,"href":"https:\/\/prahamtb.cz\/index.php?rest_route=%2Fwp%2Fv2%2Ftags&post=3516"}],"curies":[{"name":"wp","href":"https:\/\/api.w.org\/{rel}","templated":true}]}}