{"id":3472,"date":"2015-05-13T19:37:26","date_gmt":"2015-05-13T19:37:26","guid":{"rendered":"http:\/\/prahamtb.cz\/?p=3472"},"modified":"2015-05-13T19:37:26","modified_gmt":"2015-05-13T19:37:26","slug":"znaceni-detskych-okruhu-na-cp-minime-v-repich","status":"publish","type":"post","link":"https:\/\/prahamtb.cz\/?p=3472","title":{"rendered":"Zna\u010den\u00ed d\u011btsk\u00fdch okruh\u016f na \u010cP MINIME v \u0158ep\u00edch"},"content":{"rendered":"<p>Jak jsme V\u00e1s ji\u017e informovali, tuto sobotu 16.5. od 10:00 prob\u011bhne v\u00a0pra\u017esk\u00fdch \u0158ep\u00edch prvn\u00ed kolo \u010cesk\u00e9ho poh\u00e1ru MINIME pro kategorie p\u0159ed\u0161koln\u00edch d\u011bt\u00ed.\u00a0 Trat\u011b z\u00e1vod\u016f pro tyto d\u011btsk\u00e9 kategorie jsou stejn\u00e9 jako na leto\u0161n\u00edm z\u00e1vod\u011b Pra\u017esk\u00e9ho MTB poh\u00e1ru v\u00a0dubnu.<\/p>\n<p>P\u0159edev\u0161\u00edm pro na\u0161e nejmen\u0161\u00ed z\u00e1vodn\u00edky a jejich rodi\u010de je n\u00e1sleduj\u00edc\u00ed informace.<br \/>\nD\u011btsk\u00e9 z\u00e1vodn\u00ed okruhy budou m\u00edt stejn\u00e1 zna\u010den\u00ed jako p\u0159i dubnov\u00e9m z\u00e1vod\u011b v \u0158ep\u00edch. \u00a0U z\u00e1vodn\u00edk\u016f do 6 let je to pes Pluto a u z\u00e1vodn\u00edk\u016f od 7 do 10 let pak \u201eSmajl\u00edk\u201c.<\/p>\n<p>D\u011bti absolvuj\u00ed v \u0158ep\u00edch n\u00e1sleduj\u00edc\u00ed po\u010dty okruh\u016f:<br \/>\nA) odr\u00e1\u017eedla \u2013 c\u00edlov\u00e1 rovinka 100 m<\/p>\n<ol>\n<li>B) kr\u00e1tk\u00fd d\u011btsk\u00fd okruh:<br \/>\n1) d\u011bti 3 \u2013 4 roky: 400 m dlouh\u00fd okruh, z\u00e1vodn\u00edci pojedou 1 kolo<br \/>\n2) d\u011bti 5 \u2013 6 let: 400 m dlouh\u00fd okruh, z\u00e1vodn\u00edci pojedou 2 kola<\/li>\n<li>C) dlouh\u00fd d\u011btsk\u00fd okruh:<br \/>\n1) d\u011bti 7 \u2013 8 let: 1100 m dlouh\u00fd okruh, z\u00e1vodn\u00edci pojedou 1 kolo<br \/>\n2) d\u011bti 9 \u2013 10 let: : 1100 m dlouh\u00fd okruh, z\u00e1vodn\u00edci pojedou 2 kola<\/li>\n<\/ol>\n<p>Mal\u00e9 z\u00e1vodn\u00edky lze p\u0159ihl\u00e1sit ji\u017e nyn\u00ed na webov\u00fdch str\u00e1nk\u00e1ch\u00a0<a href=\"http:\/\/cpxcmtb.sportsoft.cz\/mregistration.aspx?m=124\">http:\/\/cpxcmtb.sportsoft.cz\/mregistration.aspx?m=124<\/a><\/p>\n<p><strong>Prezentace z\u00e1vodn\u00edk\u016f<\/strong>\u00a0a vyzvednut\u00ed startovn\u00edch \u010d\u00edsel bude prob\u00edhat v\u00a0kancel\u00e1\u0159i z\u00e1vodu na adrese\u00a0<strong>D\u016fm d\u011bt\u00ed a ml\u00e1de\u017ee, U Borovi\u010dek 650, Praha 6<\/strong>\u00a0(cca 250 m od are\u00e1lu z\u00e1vodu) nejpozd\u011bji \u00be hodiny p\u0159ed startem z\u00e1vodu dan\u00e9 kategorie.<\/p>\n<p><em>Zna\u010den\u00ed okruhu pro d\u011bti do 6 let\u00a0\u00a0\u00a0\u00a0\u00a0\u00a0\u00a0\u00a0\u00a0\u00a0\u00a0\u00a0\u00a0\u00a0\u00a0<\/em><em>\u00a0 \u00a0 \u00a0 \u00a0 \u00a0 \u00a0 \u00a0 \u00a0 \u00a0 \u00a0 \u00a0 \u00a0Zna\u010den\u00ed okruhu pro d\u011bti do 10 let<\/em><\/p>\n<p><a href=\"http:\/\/www.skcpraha.cz\/wp-content\/uploads\/2015\/05\/pluto.jpg\" rel=\"lightbox\"><img decoding=\"async\" loading=\"lazy\" class=\"alignnone size-full wp-image-2628\" src=\"http:\/\/www.skcpraha.cz\/wp-content\/uploads\/2015\/05\/pluto.jpg\" alt=\"pluto\" width=\"236\" height=\"236\" \/><\/a>\u00a0 \u00a0 \u00a0 \u00a0 \u00a0 \u00a0 \u00a0\u00a0<a href=\"http:\/\/www.skcpraha.cz\/wp-content\/uploads\/2015\/05\/smile.jpg\" rel=\"lightbox\"><img decoding=\"async\" loading=\"lazy\" class=\"alignnone  wp-image-2629\" src=\"http:\/\/www.skcpraha.cz\/wp-content\/uploads\/2015\/05\/smile.jpg\" alt=\"smile\" width=\"255\" height=\"191\" \/><\/a><\/p>\n<p>&nbsp;<\/p>\n","protected":false},"excerpt":{"rendered":"<a href=\"https:\/\/prahamtb.cz\/?p=3472\"><img width=\"150\" src=\"\" class=\"alignleft wp-post-image tfe\" alt=\"\" title=\"\" \/><\/a><p>Jak jsme V\u00e1s ji\u017e informovali, tuto sobotu 16.5. od 10:00 prob\u011bhne v\u00a0pra\u017esk\u00fdch \u0158ep\u00edch prvn\u00ed kolo \u010cesk\u00e9ho poh\u00e1ru MINIME pro kategorie p\u0159ed\u0161koln\u00edch d\u011bt\u00ed.\u00a0 Trat\u011b z\u00e1vod\u016f pro tyto d\u011btsk\u00e9 kategorie jsou stejn\u00e9 jako na leto\u0161n\u00edm z\u00e1vod\u011b Pra\u017esk\u00e9ho MTB poh\u00e1ru v\u00a0dubnu. P\u0159edev\u0161\u00edm pro na\u0161e nejmen\u0161\u00ed z\u00e1vodn\u00edky a jejich rodi\u010de je n\u00e1sleduj\u00edc\u00ed informace. D\u011btsk\u00e9 z\u00e1vodn\u00ed okruhy budou m\u00edt stejn\u00e1 [&hellip;]<\/p>\n","protected":false},"author":1,"featured_media":0,"comment_status":"closed","ping_status":"open","sticky":false,"template":"","format":"standard","meta":[],"categories":[1],"tags":[],"_links":{"self":[{"href":"https:\/\/prahamtb.cz\/index.php?rest_route=\/wp\/v2\/posts\/3472"}],"collection":[{"href":"https:\/\/prahamtb.cz\/index.php?rest_route=\/wp\/v2\/posts"}],"about":[{"href":"https:\/\/prahamtb.cz\/index.php?rest_route=\/wp\/v2\/types\/post"}],"author":[{"embeddable":true,"href":"https:\/\/prahamtb.cz\/index.php?rest_route=\/wp\/v2\/users\/1"}],"replies":[{"embeddable":true,"href":"https:\/\/prahamtb.cz\/index.php?rest_route=%2Fwp%2Fv2%2Fcomments&post=3472"}],"version-history":[{"count":1,"href":"https:\/\/prahamtb.cz\/index.php?rest_route=\/wp\/v2\/posts\/3472\/revisions"}],"predecessor-version":[{"id":3473,"href":"https:\/\/prahamtb.cz\/index.php?rest_route=\/wp\/v2\/posts\/3472\/revisions\/3473"}],"wp:attachment":[{"href":"https:\/\/prahamtb.cz\/index.php?rest_route=%2Fwp%2Fv2%2Fmedia&parent=3472"}],"wp:term":[{"taxonomy":"category","embeddable":true,"href":"https:\/\/prahamtb.cz\/index.php?rest_route=%2Fwp%2Fv2%2Fcategories&post=3472"},{"taxonomy":"post_tag","embeddable":true,"href":"https:\/\/prahamtb.cz\/index.php?rest_route=%2Fwp%2Fv2%2Ftags&post=3472"}],"curies":[{"name":"wp","href":"https:\/\/api.w.org\/{rel}","templated":true}]}}