{"id":3470,"date":"2015-05-12T20:51:12","date_gmt":"2015-05-12T20:51:12","guid":{"rendered":"http:\/\/prahamtb.cz\/?p=3470"},"modified":"2015-05-12T20:51:12","modified_gmt":"2015-05-12T20:51:12","slug":"prazske-repy-privitaji-hvezdne-druhe-kolo-ceskeho-poharu-horskych-kol","status":"publish","type":"post","link":"https:\/\/prahamtb.cz\/?p=3470","title":{"rendered":"Pra\u017esk\u00e9 \u0158epy p\u0159iv\u00edtaj\u00ed hv\u011bzdn\u00e9 druh\u00e9 kolo \u010cesk\u00e9ho poh\u00e1ru horsk\u00fdch kol"},"content":{"rendered":"<p>Druh\u00e9 kolo \u010cesk\u00e9ho poh\u00e1ru horsk\u00fdch kol, kter\u00e9 se uskute\u010dn\u00ed v\u00a0Praze 17 \u2013 \u0158ep\u00edch ve dnech 16 \u2013 17.5. 2015 bude pro celou \u0159adu z\u00e1vodn\u00edk\u016f p\u0159edstavovat posledn\u00ed prov\u011brku v\u00fdkonnosti p\u0159ed bl\u00ed\u017e\u00edc\u00edm se startem Sv\u011btov\u00e9ho poh\u00e1ru horsk\u00fdch kol, jeho\u017e \u00favodn\u00ed z\u00e1vod v\u00a0Nov\u00e9m M\u011bst\u011b na Morav\u011b se pojede u\u017e p\u0159\u00ed\u0161t\u00ed v\u00edkend.<\/p>\n<p><strong><em>\u201eM\u00e1me u\u017e dlouhou dobu \u00fapln\u011b obsazen\u00fd prostor v\u00a0t\u00fdmov\u00e9 z\u00f3n\u011b a to na oba z\u00e1vodn\u00ed dny. P\u0159ihl\u00e1sily se v\u00a0podstat\u011b v\u0161echny tuzemsk\u00e9 t\u00fdmy, kter\u00e9 jezd\u00ed \u010cesk\u00fd poh\u00e1r horsk\u00fdch kol a tak\u00e9 velk\u00e9 mno\u017estv\u00ed zahrani\u010dn\u00edch klub\u016f\u201c<\/em><\/strong>\u00a0up\u0159es\u0148uj<em>e<\/em>\u00a0za po\u0159\u00e1daj\u00edc\u00ed SK Cyklist\u016f Praha Nutrend Specialized mana\u017eerka Jarka Krakovi\u010dov\u00e1.<\/p>\n<p>Z\u00e1vod v\u00a0\u0158ep\u00edch, registrovan\u00fd v\u00a0kategorii C1 UCI bude m\u00edt na startu celou \u0159adu z\u00e1vodn\u00edk\u016f absolutn\u00ed sv\u011btov\u00e9 \u0161pi\u010dky a za v\u0161echny uv\u00e1d\u00edme alespo\u0148 jm\u00e9na olympijsk\u00fdch v\u00edt\u011bz\u016f, Jaroslava Kulhav\u00e9ho (Specialized Racing XC) a Gunn-Ritu Dahle Flesjaa (Multivan Merida).<\/p>\n<p>Ov\u0161em nejenom z\u00e1vod elitn\u00edch kategori\u00ed mu\u017e\u016f a \u017een bude na \u00a0programu z\u00e1vodu v\u00a0\u0158ep\u00edch.<br \/>\nV\u00a0sobotn\u00edm dopoledni odstartuje v\u016fbec historicky prvn\u00ed\u00a0<strong>\u010cesk\u00fd poh\u00e1r MINIME\u00a0<\/strong>pro p\u0159ed\u017e\u00e1kovsk\u00e9 kategorie d\u011bt\u00ed. Z\u00e1vody nejmlad\u0161\u00edch biker\u016f budou odstartov\u00e1ny v\u00a010 hodin z\u00e1vodem odr\u00e1\u017eedel a po nich budou n\u00e1sledovat dal\u0161\u00ed v\u011bkov\u00e9 kategorie chlapc\u016f a d\u00edvek, kte\u0159\u00ed se vydaj\u00ed na speci\u00e1ln\u011b p\u0159ipraven\u00e9 z\u00e1vodn\u00ed trat\u011b.<br \/>\nV\u00a0odpoledn\u00edm programu div\u00e1ci budou moci sledovat atraktivn\u00ed a rychl\u00fd sprint Eliminator a po cel\u00fd sobotn\u00ed den bude na programu tak\u00e9\u00a0<strong>\u010cesk\u00fd poh\u00e1r v Trialu<\/strong>.<\/p>\n<p>Ned\u011bln\u00ed program v\u00a0olympijsk\u00e9m cross country odstartuj\u00ed jako v\u017edy \u017e\u00e1kovsk\u00e9 kategorie. \u017d\u00e1ci I. i \u017e\u00e1ci II. absolvuj\u00ed dva \u017e\u00e1kovsk\u00e9 okruhy.<br \/>\nZ\u00e1vody ostatn\u00edch kategori\u00ed \u00a0se uskute\u010dn\u00ed na tradi\u010dn\u00edm okruhu dopln\u011bn\u00e9m o nov\u00e9, atraktivn\u00ed, ale tak\u00e9 n\u00e1ro\u010dn\u00e9 pas\u00e1\u017ee.<\/p>\n<p>Tra\u0165 pro neofici\u00e1ln\u00ed tr\u00e9nink bude otev\u0159ena v\u00a0p\u00e1tek od 16:00 hodin, ofici\u00e1ln\u00ed tr\u00e9nink je na programu v\u00a0sobotu od 16 hodin.<br \/>\nOv\u0161em u\u017e v\u00a0tuto chv\u00edli je \u0159epsk\u00e1 tra\u0165 v\u00a0podstat\u011b postaven\u00e1, \u010deho\u017e vyu\u017e\u00edv\u00e1 k\u00a0tr\u00e9ninku a p\u0159\u00edprav\u011b velk\u00e9 mno\u017estv\u00ed z\u00e1vodn\u00edk\u016f.<\/p>\n<p>\u010casov\u00fd program 2.kola \u010cP MTB naleznete\u00a0<a href=\"http:\/\/www.skcpraha.cz\/wp-content\/uploads\/2013\/03\/%C4%8Dasov%C3%BD-program-%C4%8CP-MTB-XCE-XCO_Praha-Repy.pdf\">ZDE<\/a><\/p>\n<p><a href=\"http:\/\/www.skcpraha.cz\/wp-content\/uploads\/2015\/05\/CZECHMTB_2015_logo_2.png\" rel=\"lightbox\"><img decoding=\"async\" loading=\"lazy\" class=\"alignnone size-full wp-image-2590\" src=\"http:\/\/www.skcpraha.cz\/wp-content\/uploads\/2015\/05\/CZECHMTB_2015_logo_2.png\" alt=\"CZECHMTB_2015_logo_2\" width=\"980\" height=\"538\" \/><\/a><\/p>\n","protected":false},"excerpt":{"rendered":"<a href=\"https:\/\/prahamtb.cz\/?p=3470\"><img width=\"150\" src=\"\" class=\"alignleft wp-post-image tfe\" alt=\"\" title=\"\" \/><\/a><p>Druh\u00e9 kolo \u010cesk\u00e9ho poh\u00e1ru horsk\u00fdch kol, kter\u00e9 se uskute\u010dn\u00ed v\u00a0Praze 17 \u2013 \u0158ep\u00edch ve dnech 16 \u2013 17.5. 2015 bude pro celou \u0159adu z\u00e1vodn\u00edk\u016f p\u0159edstavovat posledn\u00ed prov\u011brku v\u00fdkonnosti p\u0159ed bl\u00ed\u017e\u00edc\u00edm se startem Sv\u011btov\u00e9ho poh\u00e1ru horsk\u00fdch kol, jeho\u017e \u00favodn\u00ed z\u00e1vod v\u00a0Nov\u00e9m M\u011bst\u011b na Morav\u011b se pojede u\u017e p\u0159\u00ed\u0161t\u00ed v\u00edkend. \u201eM\u00e1me u\u017e dlouhou dobu \u00fapln\u011b obsazen\u00fd prostor [&hellip;]<\/p>\n","protected":false},"author":1,"featured_media":0,"comment_status":"closed","ping_status":"open","sticky":false,"template":"","format":"standard","meta":[],"categories":[1],"tags":[],"_links":{"self":[{"href":"https:\/\/prahamtb.cz\/index.php?rest_route=\/wp\/v2\/posts\/3470"}],"collection":[{"href":"https:\/\/prahamtb.cz\/index.php?rest_route=\/wp\/v2\/posts"}],"about":[{"href":"https:\/\/prahamtb.cz\/index.php?rest_route=\/wp\/v2\/types\/post"}],"author":[{"embeddable":true,"href":"https:\/\/prahamtb.cz\/index.php?rest_route=\/wp\/v2\/users\/1"}],"replies":[{"embeddable":true,"href":"https:\/\/prahamtb.cz\/index.php?rest_route=%2Fwp%2Fv2%2Fcomments&post=3470"}],"version-history":[{"count":1,"href":"https:\/\/prahamtb.cz\/index.php?rest_route=\/wp\/v2\/posts\/3470\/revisions"}],"predecessor-version":[{"id":3471,"href":"https:\/\/prahamtb.cz\/index.php?rest_route=\/wp\/v2\/posts\/3470\/revisions\/3471"}],"wp:attachment":[{"href":"https:\/\/prahamtb.cz\/index.php?rest_route=%2Fwp%2Fv2%2Fmedia&parent=3470"}],"wp:term":[{"taxonomy":"category","embeddable":true,"href":"https:\/\/prahamtb.cz\/index.php?rest_route=%2Fwp%2Fv2%2Fcategories&post=3470"},{"taxonomy":"post_tag","embeddable":true,"href":"https:\/\/prahamtb.cz\/index.php?rest_route=%2Fwp%2Fv2%2Ftags&post=3470"}],"curies":[{"name":"wp","href":"https:\/\/api.w.org\/{rel}","templated":true}]}}