{"id":3461,"date":"2015-05-09T12:02:08","date_gmt":"2015-05-09T12:02:08","guid":{"rendered":"http:\/\/prahamtb.cz\/?p=3461"},"modified":"2015-05-09T12:02:08","modified_gmt":"2015-05-09T12:02:08","slug":"3-kolo-prazskeho-mtb-poharu-ve-fotoreportazi-barbory-klap","status":"publish","type":"post","link":"https:\/\/prahamtb.cz\/?p=3461","title":{"rendered":"3. kolo Pra\u017esk\u00e9ho MTB poh\u00e1ru ve fotoreport\u00e1\u017ei Barbory Klap"},"content":{"rendered":"<p><a href=\"https:\/\/prahamtb.cz\/wp-content\/uploads\/2015\/05\/IMG_0554.jpg\" rel=\"lightbox\"><img decoding=\"async\" loading=\"lazy\" class=\"alignnone size-medium wp-image-3463\" src=\"https:\/\/prahamtb.cz\/wp-content\/uploads\/2015\/05\/IMG_0554-600x399.jpg\" alt=\"IMG_0554\" width=\"600\" height=\"399\" srcset=\"https:\/\/prahamtb.cz\/wp-content\/uploads\/2015\/05\/IMG_0554-600x399.jpg 600w, https:\/\/prahamtb.cz\/wp-content\/uploads\/2015\/05\/IMG_0554-1024x682.jpg 1024w, https:\/\/prahamtb.cz\/wp-content\/uploads\/2015\/05\/IMG_0554-624x415.jpg 624w, https:\/\/prahamtb.cz\/wp-content\/uploads\/2015\/05\/IMG_0554.jpg 2000w\" sizes=\"(max-width: 600px) 100vw, 600px\" \/><\/a><\/p>\n<p>Fotografka <strong>Barbora Klap<\/strong>\u00a0se postupn\u011b st\u00e1v\u00e1 \u201edvorn\u00ed\u201c fotografkou organiza\u010dn\u00ed skupiny Pra\u017esk\u00e9ho MTB poh\u00e1ru a nejinak tomu bylo tak\u00e9 b\u011bhem 3. kola Pra\u017esk\u00e9ho MTB poh\u00e1ru.<\/p>\n<p>Prohl\u00e9dn\u011bte si jej\u00ed fotoreport\u00e1\u017e z\u00a0pra\u017esk\u00fdch Kbel.<\/p>\n<p>ZDE: <a href=\"http:\/\/klabara.rajce.idnes.cz\/PP_-_KBELY_8.5.2015\">http:\/\/klabara.rajce.idnes.cz\/PP_-_KBELY_8.5.2015<\/a><\/p>\n<p><a href=\"https:\/\/prahamtb.cz\/wp-content\/uploads\/2015\/05\/20150418_110731-1.jpg\" rel=\"lightbox\"><img decoding=\"async\" loading=\"lazy\" class=\"alignnone size-medium wp-image-3462\" src=\"https:\/\/prahamtb.cz\/wp-content\/uploads\/2015\/05\/20150418_110731-1-600x521.jpg\" alt=\"20150418_110731-1\" width=\"600\" height=\"521\" srcset=\"https:\/\/prahamtb.cz\/wp-content\/uploads\/2015\/05\/20150418_110731-1-600x521.jpg 600w, https:\/\/prahamtb.cz\/wp-content\/uploads\/2015\/05\/20150418_110731-1-1024x889.jpg 1024w, https:\/\/prahamtb.cz\/wp-content\/uploads\/2015\/05\/20150418_110731-1-624x541.jpg 624w\" sizes=\"(max-width: 600px) 100vw, 600px\" \/><\/a><\/p>\n","protected":false},"excerpt":{"rendered":"<a href=\"https:\/\/prahamtb.cz\/?p=3461\"><img width=\"150\" src=\"\" class=\"alignleft wp-post-image tfe\" alt=\"\" title=\"\" \/><\/a><p>Fotografka Barbora Klap\u00a0se postupn\u011b st\u00e1v\u00e1 \u201edvorn\u00ed\u201c fotografkou organiza\u010dn\u00ed skupiny Pra\u017esk\u00e9ho MTB poh\u00e1ru a nejinak tomu bylo tak\u00e9 b\u011bhem 3. kola Pra\u017esk\u00e9ho MTB poh\u00e1ru. Prohl\u00e9dn\u011bte si jej\u00ed fotoreport\u00e1\u017e z\u00a0pra\u017esk\u00fdch Kbel. ZDE: http:\/\/klabara.rajce.idnes.cz\/PP_-_KBELY_8.5.2015<\/p>\n","protected":false},"author":1,"featured_media":0,"comment_status":"closed","ping_status":"open","sticky":false,"template":"","format":"standard","meta":[],"categories":[1],"tags":[],"_links":{"self":[{"href":"https:\/\/prahamtb.cz\/index.php?rest_route=\/wp\/v2\/posts\/3461"}],"collection":[{"href":"https:\/\/prahamtb.cz\/index.php?rest_route=\/wp\/v2\/posts"}],"about":[{"href":"https:\/\/prahamtb.cz\/index.php?rest_route=\/wp\/v2\/types\/post"}],"author":[{"embeddable":true,"href":"https:\/\/prahamtb.cz\/index.php?rest_route=\/wp\/v2\/users\/1"}],"replies":[{"embeddable":true,"href":"https:\/\/prahamtb.cz\/index.php?rest_route=%2Fwp%2Fv2%2Fcomments&post=3461"}],"version-history":[{"count":1,"href":"https:\/\/prahamtb.cz\/index.php?rest_route=\/wp\/v2\/posts\/3461\/revisions"}],"predecessor-version":[{"id":3464,"href":"https:\/\/prahamtb.cz\/index.php?rest_route=\/wp\/v2\/posts\/3461\/revisions\/3464"}],"wp:attachment":[{"href":"https:\/\/prahamtb.cz\/index.php?rest_route=%2Fwp%2Fv2%2Fmedia&parent=3461"}],"wp:term":[{"taxonomy":"category","embeddable":true,"href":"https:\/\/prahamtb.cz\/index.php?rest_route=%2Fwp%2Fv2%2Fcategories&post=3461"},{"taxonomy":"post_tag","embeddable":true,"href":"https:\/\/prahamtb.cz\/index.php?rest_route=%2Fwp%2Fv2%2Ftags&post=3461"}],"curies":[{"name":"wp","href":"https:\/\/api.w.org\/{rel}","templated":true}]}}